{"id":10410,"date":"2023-10-26T19:45:00","date_gmt":"2023-10-26T17:45:00","guid":{"rendered":"https:\/\/int.kudem.com\/?p=10410"},"modified":"2023-10-26T20:48:18","modified_gmt":"2023-10-26T18:48:18","slug":"frankfurt-buchmesse-2023","status":"publish","type":"post","link":"https:\/\/www.kudem.com\/de\/frankfurt-buchmesse-2023","title":{"rendered":"Ein Dank an alle Besucher unseres Standes auf der Frankfurter Buchmesse 2023"},"content":{"rendered":"\n<p>Wir m\u00f6chten uns ganz herzlich bei allen unseren gesch\u00e4tzten G\u00e4sten bedanken, die uns auf der Frankfurter Buchmesse besucht haben. Wir sind hoffnungsvoll und entschlossen, dass Ihr Interesse an dem vom KUDEM unterst\u00fctzten \u0130F\u0130S&amp;\u0130Z und unsere hier durchgef\u00fchrten Projekte dazu beitragen werden, der Menschheit viele weitere wissenschaftliche, kulturelle und k\u00fcnstlerische Dienste zu erweisen. Wir w\u00fcnschen uns eine Welt, in der Wissenschaft, Weisheit, Kunst und Kultur Vorrang haben und in der Liebe, Toleranz und Frieden\u00a0herrschen&#8230;<\/p>\n\n<p><\/p>\n","protected":false},"excerpt":{"rendered":"<p>Wir m\u00f6chten uns ganz herzlich bei allen unseren gesch\u00e4tzten G\u00e4sten bedanken, die uns auf der Frankfurter Buchmesse besucht haben. Wir sind hoffnungsvoll und entschlossen, dass Ihr Interesse an dem vom KUDEM unterst\u00fctzten \u0130F\u0130S&amp;\u0130Z und unsere hier durchgef\u00fchrten Projekte dazu beitragen werden, der Menschheit viele weitere wissenschaftliche, kulturelle und k\u00fcnstlerische Dienste zu erweisen. Wir w\u00fcnschen uns [&hellip;]<\/p>\n","protected":false},"author":2,"featured_media":10446,"comment_status":"closed","ping_status":"closed","sticky":false,"template":"","format":"standard","meta":{"footnotes":""},"categories":[1],"tags":[],"class_list":["post-10410","post","type-post","status-publish","format-standard","has-post-thumbnail","hentry","category-allgemein"],"_links":{"self":[{"href":"https:\/\/www.kudem.com\/de\/wp-json\/wp\/v2\/posts\/10410","targetHints":{"allow":["GET"]}}],"collection":[{"href":"https:\/\/www.kudem.com\/de\/wp-json\/wp\/v2\/posts"}],"about":[{"href":"https:\/\/www.kudem.com\/de\/wp-json\/wp\/v2\/types\/post"}],"author":[{"embeddable":true,"href":"https:\/\/www.kudem.com\/de\/wp-json\/wp\/v2\/users\/2"}],"replies":[{"embeddable":true,"href":"https:\/\/www.kudem.com\/de\/wp-json\/wp\/v2\/comments?post=10410"}],"version-history":[{"count":0,"href":"https:\/\/www.kudem.com\/de\/wp-json\/wp\/v2\/posts\/10410\/revisions"}],"wp:featuredmedia":[{"embeddable":true,"href":"https:\/\/www.kudem.com\/de\/wp-json\/wp\/v2\/media\/10446"}],"wp:attachment":[{"href":"https:\/\/www.kudem.com\/de\/wp-json\/wp\/v2\/media?parent=10410"}],"wp:term":[{"taxonomy":"category","embeddable":true,"href":"https:\/\/www.kudem.com\/de\/wp-json\/wp\/v2\/categories?post=10410"},{"taxonomy":"post_tag","embeddable":true,"href":"https:\/\/www.kudem.com\/de\/wp-json\/wp\/v2\/tags?post=10410"}],"curies":[{"name":"wp","href":"https:\/\/api.w.org\/{rel}","templated":true}]}}