{"id":11165,"date":"2024-04-22T21:43:01","date_gmt":"2024-04-22T19:43:01","guid":{"rendered":"https:\/\/int.kudem.com\/trauerbekundung-hasan-kilic-hocaefendi"},"modified":"2024-04-28T00:18:31","modified_gmt":"2024-04-27T22:18:31","slug":"trauerbekundung-hasan-kilic-hocaefendi","status":"publish","type":"post","link":"https:\/\/www.kudem.com\/de\/trauerbekundung-hasan-kilic-hocaefendi","title":{"rendered":"KUDEM Trauerbekundung um gesch\u00e4tzten Hasan K\u0131l\u0131\u00e7 Hocaefendi"},"content":{"rendered":"\n<p>\u0625\u0650\u0646\u064e\u0651\u0627 \u0650\u0644\u0650\u0644\u064e\u0651\u0670\u0647\u0650 \u0648\u064e\u0625\u0650\u0646\u064e\u0651\u0627 \u0625\u0650\u0644\u064e\u064a\u0652\u0647\u0650 \u0631\u064e\u0627\u062c\u0650\u0639\u064f\u0648\u0646\u064e<\/p>\n\n\n\n<p>&#8222;Der Tod eines Gelehrten ist ein Verlust f\u00fcr die ganze Welt&#8220;\r\nWir w\u00fcnschen Hasan K\u0131l\u0131\u00e7 Hocaefendi, der heute die Gnade Allahs erreicht hat, Barmherzigkeit und Vergebung von Allah, und wir w\u00fcnschen seiner Familie, seinen Sch\u00fclern und all seinen Angeh\u00f6rigen Geduld und Kraft.<\/p>\n","protected":false},"excerpt":{"rendered":"<p>\u0625\u0650\u0646\u064e\u0651\u0627 \u0650\u0644\u0650\u0644\u064e\u0651\u0670\u0647\u0650 \u0648\u064e\u0625\u0650\u0646\u064e\u0651\u0627 \u0625\u0650\u0644\u064e\u064a\u0652\u0647\u0650 \u0631\u064e\u0627\u062c\u0650\u0639\u064f\u0648\u0646\u064e &#8222;Der Tod eines Gelehrten ist ein Verlust f\u00fcr die ganze Welt&#8220; Wir w\u00fcnschen Hasan K\u0131l\u0131\u00e7 Hocaefendi, der heute die Gnade Allahs erreicht hat, Barmherzigkeit und Vergebung von Allah, und wir w\u00fcnschen seiner Familie, seinen Sch\u00fclern und all seinen Angeh\u00f6rigen Geduld und Kraft.<\/p>\n","protected":false},"author":2,"featured_media":11174,"comment_status":"closed","ping_status":"closed","sticky":false,"template":"","format":"standard","meta":{"footnotes":""},"categories":[101],"tags":[],"class_list":["post-11165","post","type-post","status-publish","format-standard","has-post-thumbnail","hentry","category-beileidsbekundung"],"_links":{"self":[{"href":"https:\/\/www.kudem.com\/de\/wp-json\/wp\/v2\/posts\/11165","targetHints":{"allow":["GET"]}}],"collection":[{"href":"https:\/\/www.kudem.com\/de\/wp-json\/wp\/v2\/posts"}],"about":[{"href":"https:\/\/www.kudem.com\/de\/wp-json\/wp\/v2\/types\/post"}],"author":[{"embeddable":true,"href":"https:\/\/www.kudem.com\/de\/wp-json\/wp\/v2\/users\/2"}],"replies":[{"embeddable":true,"href":"https:\/\/www.kudem.com\/de\/wp-json\/wp\/v2\/comments?post=11165"}],"version-history":[{"count":0,"href":"https:\/\/www.kudem.com\/de\/wp-json\/wp\/v2\/posts\/11165\/revisions"}],"wp:featuredmedia":[{"embeddable":true,"href":"https:\/\/www.kudem.com\/de\/wp-json\/wp\/v2\/media\/11174"}],"wp:attachment":[{"href":"https:\/\/www.kudem.com\/de\/wp-json\/wp\/v2\/media?parent=11165"}],"wp:term":[{"taxonomy":"category","embeddable":true,"href":"https:\/\/www.kudem.com\/de\/wp-json\/wp\/v2\/categories?post=11165"},{"taxonomy":"post_tag","embeddable":true,"href":"https:\/\/www.kudem.com\/de\/wp-json\/wp\/v2\/tags?post=11165"}],"curies":[{"name":"wp","href":"https:\/\/api.w.org\/{rel}","templated":true}]}}