{"id":215,"date":"2014-12-13T05:49:46","date_gmt":"2014-12-13T05:49:46","guid":{"rendered":"https:\/\/kudem.apps-1and1.net\/?p=215"},"modified":"2018-07-31T05:52:02","modified_gmt":"2018-07-31T05:52:02","slug":"kudem-und-ifisiz-waren-gastgeber-eines-partnergespraechs-zwischen-den-freundschaftsstaedten-mannheim-und-beyoglu-istanbul","status":"publish","type":"post","link":"https:\/\/www.kudem.com\/de\/kudem-und-ifisiz-waren-gastgeber-eines-partnergespraechs-zwischen-den-freundschaftsstaedten-mannheim-und-beyoglu-istanbul","title":{"rendered":"KUDEM und IFIS&#038;IZ waren Gastgeber eines Partnergespr\u00e4chs zwischen den Freundschaftsst\u00e4dten Mannheim und Beyo\u011flu\/Istanbul"},"content":{"rendered":"<p>Am 7. Dezember 2014 waren das KUDEM und IFIS&#038;IZ Gastgeber eines Arbeitsgespr\u00e4chs zwischen den Freundschaftsst\u00e4dten Mannheim und Beyo\u011flu\/Istanbul. Hochrangige Vertreter beider St\u00e4dte, angef\u00fchrt durch den Mannheimer Oberb\u00fcrgermeister Dr. Peter Kurz und den Beyo\u011fluer B\u00fcrgermeister Ahmet Misbah Demircan, kamen im Konferenzsaal des KUDEM zusammen. Im Ambiente einzigartiger islamischer Kunstwerke tauschten<br \/>\nsich die Vertreter beider St\u00e4dte \u00fcber bisherige Erfahrungen und k\u00fcnftige gemeinsame Projekte aus.<\/p>\n<p>Die Istanbuler Delegation setzte sich zusammen aus zahlreichen Verantwortlichen aus den Referaten Kultur, Internationales und Stadtentwicklung der Stadt Beyo\u011flu sowie aus Vertretern des Stadtrats aus den Parteien AKP (Partei f\u00fcr Gerechtigkeit und Aufschwung) und CHP (Republikanische Volkspartei). Ferner geh\u00f6rte ihr auch der Pr\u00e4sident des Yunus-Emre-Instituts Prof. Dr. Hayati Develi sowie dessen Repr\u00e4sentanz in Berlin Prof. Dr. Osman Faruk Akyol an.<\/p>\n<p>Im Vorfeld des Partnergespr\u00e4chs wurden die G\u00e4ste durch die R\u00e4umlichkeiten des KUDEM und IFIS&#038;IZ gef\u00fchrt und \u00fcber deren Konzepte, Aktivit\u00e4ten und Projekte informiert. B\u00fcrgermeister Demircan wie auch Prof. Dr. Hayati Develi zeigten sich w\u00e4hrend dem Rundgang und der Vorstellung sehr \u00fcberrascht und beeindruckt \u00fcber das Geleistete, insbesondere \u00fcber den Umfang der Islam-Bibliothek und die Angebote im k\u00fcnstlerischen und kulturellen Bereich.<\/p>\n<p>Als Mannheimer Institutionen begr\u00fc\u00dfen das KUDEM und IFIS&#038;IZ die Freundschaft zwischen den St\u00e4dten Mannheim und Beyo\u011flu\/Istanbul, freuen sich, Gastgeber f\u00fcr ein solches Partnergespr\u00e4ch gewesen zu sein und unterst\u00fctzen die weitere Zusammenarbeit beider St\u00e4dte im Bereich der Kultur, Kunst, Musik und Wissenschaft.<\/p>\n","protected":false},"excerpt":{"rendered":"<p>Am 7. Dezember 2014 waren das KUDEM und IFIS&#038;IZ Gastgeber eines Arbeitsgespr\u00e4chs zwischen den Freundschaftsst\u00e4dten Mannheim und Beyo\u011flu\/Istanbul. Hochrangige Vertreter beider St\u00e4dte, angef\u00fchrt durch den Mannheimer Oberb\u00fcrgermeister Dr. Peter Kurz und den Beyo\u011fluer B\u00fcrgermeister Ahmet Misbah Demircan, kamen im Konferenzsaal des KUDEM zusammen. Im Ambiente einzigartiger islamischer Kunstwerke tauschten sich die Vertreter beider St\u00e4dte \u00fcber [&hellip;]<\/p>\n","protected":false},"author":2,"featured_media":216,"comment_status":"closed","ping_status":"closed","sticky":false,"template":"","format":"standard","meta":{"footnotes":""},"categories":[1],"tags":[],"class_list":["post-215","post","type-post","status-publish","format-standard","has-post-thumbnail","hentry","category-allgemein"],"_links":{"self":[{"href":"https:\/\/www.kudem.com\/de\/wp-json\/wp\/v2\/posts\/215","targetHints":{"allow":["GET"]}}],"collection":[{"href":"https:\/\/www.kudem.com\/de\/wp-json\/wp\/v2\/posts"}],"about":[{"href":"https:\/\/www.kudem.com\/de\/wp-json\/wp\/v2\/types\/post"}],"author":[{"embeddable":true,"href":"https:\/\/www.kudem.com\/de\/wp-json\/wp\/v2\/users\/2"}],"replies":[{"embeddable":true,"href":"https:\/\/www.kudem.com\/de\/wp-json\/wp\/v2\/comments?post=215"}],"version-history":[{"count":0,"href":"https:\/\/www.kudem.com\/de\/wp-json\/wp\/v2\/posts\/215\/revisions"}],"wp:featuredmedia":[{"embeddable":true,"href":"https:\/\/www.kudem.com\/de\/wp-json\/wp\/v2\/media\/216"}],"wp:attachment":[{"href":"https:\/\/www.kudem.com\/de\/wp-json\/wp\/v2\/media?parent=215"}],"wp:term":[{"taxonomy":"category","embeddable":true,"href":"https:\/\/www.kudem.com\/de\/wp-json\/wp\/v2\/categories?post=215"},{"taxonomy":"post_tag","embeddable":true,"href":"https:\/\/www.kudem.com\/de\/wp-json\/wp\/v2\/tags?post=215"}],"curies":[{"name":"wp","href":"https:\/\/api.w.org\/{rel}","templated":true}]}}