{"id":433,"date":"2016-03-22T14:20:29","date_gmt":"2016-03-22T14:20:29","guid":{"rendered":"https:\/\/kudem.apps-1and1.net\/?p=433"},"modified":"2018-07-31T14:22:12","modified_gmt":"2018-07-31T14:22:12","slug":"pressemitteilung-kudem-verurteilt-den-terroranschlag-in-bruessel-auf-das-schaerfste","status":"publish","type":"post","link":"https:\/\/www.kudem.com\/de\/pressemitteilung-kudem-verurteilt-den-terroranschlag-in-bruessel-auf-das-schaerfste","title":{"rendered":"&#8211; Pressemitteilung \u2013 KUDEM verurteilt den Terroranschlag in Br\u00fcssel auf das Sch\u00e4rfste"},"content":{"rendered":"<p>Mannheim, 22.03.2016. Das KUDEM verurteilt auf das Sch\u00e4rfste den grausamen Terrorakt, der heute in der belgischen Hauptstadt Br\u00fcssel ver\u00fcbt wurde.<\/p>\n<p>Wir sind tief ersch\u00fcttert.<\/p>\n<p>Erneut werden wir Zeuge einer unglaublichen Kaltbl\u00fctigkeit und Brutalit\u00e4t, die nichts anderes als Zerst\u00f6rung und Trauer hervorgebracht hat. Die Attentate die im Br\u00fcsseler Flughafen und in der U-Bahn ver\u00fcbt worden sind, entsagen jeder Vernunft.<\/p>\n<p>Es gibt keine Rechtfertigung f\u00fcr solch eine Tat. Diese Tat steht im krassen Widerspruch zu den Prinzipien und Werten des Islams und der Botschaft des Propheten. Unser aller Sch\u00f6pfer gebietet die Achtung seiner vielf\u00e4ltigen Sch\u00f6pfung.<\/p>\n<p>Als solches ist dieser Akt als ein Angriff auf unsere Gesellschaft und unsere gemeinsame Zukunft zu bewerten, somit absolut inakzeptabel. Mit unseren Gedanken sind wir bei den Angeh\u00f6rigen der Opfer, in Br\u00fcssel, in Paris, Ankara und Istanbul.<\/p>\n<p>Wir hoffen, dass diese sinnlosen Taten ein Ende finden und die Menschen in Frieden und Harmonie zusammenleben.<\/p>\n<p>KUDEM<\/p>\n","protected":false},"excerpt":{"rendered":"<p>Mannheim, 22.03.2016. Das KUDEM verurteilt auf das Sch\u00e4rfste den grausamen Terrorakt, der heute in der belgischen Hauptstadt Br\u00fcssel ver\u00fcbt wurde. Wir sind tief ersch\u00fcttert. Erneut werden wir Zeuge einer unglaublichen Kaltbl\u00fctigkeit und Brutalit\u00e4t, die nichts anderes als Zerst\u00f6rung und Trauer hervorgebracht hat. Die Attentate die im Br\u00fcsseler Flughafen und in der U-Bahn ver\u00fcbt worden sind, [&hellip;]<\/p>\n","protected":false},"author":2,"featured_media":246,"comment_status":"closed","ping_status":"closed","sticky":false,"template":"","format":"standard","meta":{"footnotes":""},"categories":[22],"tags":[],"class_list":["post-433","post","type-post","status-publish","format-standard","has-post-thumbnail","hentry","category-pressemitteilung"],"_links":{"self":[{"href":"https:\/\/www.kudem.com\/de\/wp-json\/wp\/v2\/posts\/433","targetHints":{"allow":["GET"]}}],"collection":[{"href":"https:\/\/www.kudem.com\/de\/wp-json\/wp\/v2\/posts"}],"about":[{"href":"https:\/\/www.kudem.com\/de\/wp-json\/wp\/v2\/types\/post"}],"author":[{"embeddable":true,"href":"https:\/\/www.kudem.com\/de\/wp-json\/wp\/v2\/users\/2"}],"replies":[{"embeddable":true,"href":"https:\/\/www.kudem.com\/de\/wp-json\/wp\/v2\/comments?post=433"}],"version-history":[{"count":0,"href":"https:\/\/www.kudem.com\/de\/wp-json\/wp\/v2\/posts\/433\/revisions"}],"wp:featuredmedia":[{"embeddable":true,"href":"https:\/\/www.kudem.com\/de\/wp-json\/wp\/v2\/media\/246"}],"wp:attachment":[{"href":"https:\/\/www.kudem.com\/de\/wp-json\/wp\/v2\/media?parent=433"}],"wp:term":[{"taxonomy":"category","embeddable":true,"href":"https:\/\/www.kudem.com\/de\/wp-json\/wp\/v2\/categories?post=433"},{"taxonomy":"post_tag","embeddable":true,"href":"https:\/\/www.kudem.com\/de\/wp-json\/wp\/v2\/tags?post=433"}],"curies":[{"name":"wp","href":"https:\/\/api.w.org\/{rel}","templated":true}]}}