{"id":5027,"date":"2020-06-23T16:55:00","date_gmt":"2020-06-23T14:55:00","guid":{"rendered":"https:\/\/www.kudem.com\/?p=5027"},"modified":"2020-06-23T19:10:33","modified_gmt":"2020-06-23T17:10:33","slug":"kudem-bibliothek-erweiterung","status":"publish","type":"post","link":"https:\/\/www.kudem.com\/de\/kudem-bibliothek-erweiterung","title":{"rendered":"KUDEM und IFIS&#038;IZ: Aufbau der gr\u00f6\u00dften wissenschaftlichen Fachbibliothek zur Islamischen Theologie in Europa schreitet weiter voran"},"content":{"rendered":"\n<p>Die Erweiterung der gr\u00f6\u00dften wissenschaftlichen Fachbibliothek zur Islamischen Theologie in Europa schreitet trotz aller Widrigkeiten mit Begeisterung und Entschiedenheit voran.<br><br>Der Aufbau der wissenschaftlichen Fachbibliothek zur Islamischen Theologie begann unter der Leitung des Gr\u00fcndungsdirektors des IFIS&amp;IZ Prof. Dr. H\u00fcseyin \u0130lker \u00c7\u0131nar vor 10 Jahren und erreichte bis heute einen sechssprachigen Bestand von \u00fcber 70.000 B\u00fcchern. Das Spektrum der Fachbibliothek beinhaltet die islamisch-theologischen Themenbereiche wie Koranexegese (tafs\u012br), Had\u012bthwissenschaft (had\u012bth), Islamisches Recht (fiqh), Systematische Theologie (kal\u0101m), Prophetenbiographie (s\u012bra), Geschichte des Islam (t\u0101r\u012bh al-isl\u0101m), Islamische Mystik (tasawwuf), Islamische Philosophie (falsafa) und Islamische Ethik\/ Morallehre (ahl\u0101q).<br>Trotz der aktuellen Widrigkeiten wird mit derselben Begeisterung und Entschiedenheit an der Erreichung der Zielmarke von 100.000 B\u00fcchern gearbeitet. Hierf\u00fcr wurden k\u00fcrzlich ca. 40.000 B\u00fccher aus den B\u00fccherregalen entnommen und nach ihren wissenschaftlichen Disziplinen alphabetisch neugeordnet. Zudem wird parallel an der Erstellung neuer B\u00fccherliste f\u00fcr die Erweiterung des Bestands gearbeitet.<br><br>Gef\u00f6rdert wir das Projekt von KUDEM \u2013 Kulturhaus der europ\u00e4ischen Muslime. Als eine zivile, unabh\u00e4ngige Institution verwirklichen beide Organisationen, IFIS&amp;IZ und KUDEM, dieses gro\u00dfartige Projekt durch die entschlossene Eigeninitiative und das zielstrebige Engagement seiner Mitglieder, ohne Inanspruchnahme jeglicher finanziellen Unterst\u00fctzungen von Drittmitteln. Auf diesem Wege m\u00f6chten wir daher allen bisherigen sowie zuk\u00fcnftigen Mitwirkenden f\u00fcr ihre tatkr\u00e4ftige Unterst\u00fctzung und Beteiligung unseren aufrichtigen Dank aussprechen. M\u00f6gen dieses Vorhaben sowie unsere weiteren Initiativen einen Nutzen f\u00fcr die gesamte Menschheit erweisen und Anlass dazu geben, das Wohlgefallen Allahs zu erlangen.<br><\/p>\n","protected":false},"excerpt":{"rendered":"<p>Die Erweiterung der gr\u00f6\u00dften wissenschaftlichen Fachbibliothek zur Islamischen Theologie in Europa schreitet trotz aller Widrigkeiten mit Begeisterung und Entschiedenheit voran. Der Aufbau der wissenschaftlichen Fachbibliothek zur Islamischen Theologie begann unter der Leitung des Gr\u00fcndungsdirektors des IFIS&amp;IZ Prof. Dr. H\u00fcseyin \u0130lker \u00c7\u0131nar vor 10 Jahren und erreichte bis heute einen sechssprachigen Bestand von \u00fcber 70.000 B\u00fcchern. [&hellip;]<\/p>\n","protected":false},"author":6,"featured_media":0,"comment_status":"closed","ping_status":"closed","sticky":false,"template":"","format":"standard","meta":{"footnotes":""},"categories":[1],"tags":[],"class_list":["post-5027","post","type-post","status-publish","format-standard","hentry","category-allgemein"],"_links":{"self":[{"href":"https:\/\/www.kudem.com\/de\/wp-json\/wp\/v2\/posts\/5027","targetHints":{"allow":["GET"]}}],"collection":[{"href":"https:\/\/www.kudem.com\/de\/wp-json\/wp\/v2\/posts"}],"about":[{"href":"https:\/\/www.kudem.com\/de\/wp-json\/wp\/v2\/types\/post"}],"author":[{"embeddable":true,"href":"https:\/\/www.kudem.com\/de\/wp-json\/wp\/v2\/users\/6"}],"replies":[{"embeddable":true,"href":"https:\/\/www.kudem.com\/de\/wp-json\/wp\/v2\/comments?post=5027"}],"version-history":[{"count":0,"href":"https:\/\/www.kudem.com\/de\/wp-json\/wp\/v2\/posts\/5027\/revisions"}],"wp:attachment":[{"href":"https:\/\/www.kudem.com\/de\/wp-json\/wp\/v2\/media?parent=5027"}],"wp:term":[{"taxonomy":"category","embeddable":true,"href":"https:\/\/www.kudem.com\/de\/wp-json\/wp\/v2\/categories?post=5027"},{"taxonomy":"post_tag","embeddable":true,"href":"https:\/\/www.kudem.com\/de\/wp-json\/wp\/v2\/tags?post=5027"}],"curies":[{"name":"wp","href":"https:\/\/api.w.org\/{rel}","templated":true}]}}