{"id":5066,"date":"2020-07-13T16:59:28","date_gmt":"2020-07-13T14:59:28","guid":{"rendered":"https:\/\/www.kudem.com\/?p=5066"},"modified":"2020-07-13T17:29:05","modified_gmt":"2020-07-13T15:29:05","slug":"trauerbekundung-vc","status":"publish","type":"post","link":"https:\/\/www.kudem.com\/de\/trauerbekundung-vc","title":{"rendered":"Trauerbekundung"},"content":{"rendered":"\n<p class=\"has-text-align-center\">\u201eWir kommen von Allah und zu Ihm kehren wir zur\u00fcck.\u201c<br><em>\u0625\u0650\u0646\u064e\u0651\u0627 \u0644\u0650\u0644\u0651\u0647\u0650 \u0648\u064e\u0625\u0650\u0646\u064e\u0651\u0627 \u0625\u0650\u0644\u064e\u064a\u0652\u0647\u0650 \u0631\u064e\u0627\u062c\u0650\u0639\u064f\u0648\u0646\u064e<\/em><\/p>\n\n\n\n<p>Heute verstarb Herr&nbsp;Vahip&nbsp;\u00c7atalkaya, Vater unseres KUDEM Gr\u00fcndungsmitglieds Ayhan&nbsp;\u00c7atalkaya. Wir w\u00fcnschen Herrn&nbsp;Vahip&nbsp;\u00c7atalakya&nbsp;die unendliche Barmherzigkeit unseres gn\u00e4digen Sch\u00f6pfers und sprechen Ayhan&nbsp;\u00c7atalkaya, den Angeh\u00f6rigen und Nahestehenden unser tiefstes Beileid aus. (Amin)&nbsp;<\/p>\n\n\n\n<p>Die Beisetzung findet am Dienstag, den 14.07.2020 t\u00fcrkischer Ortszeit um 11.00 Uhr in der Hulusi Akar Moschee in Kayseri\/T\u00fcrkei statt. <\/p>\n","protected":false},"excerpt":{"rendered":"<p>\u201eWir kommen von Allah und zu Ihm kehren wir zur\u00fcck.\u201c\u0625\u0650\u0646\u064e\u0651\u0627 \u0644\u0650\u0644\u0651\u0647\u0650 \u0648\u064e\u0625\u0650\u0646\u064e\u0651\u0627 \u0625\u0650\u0644\u064e\u064a\u0652\u0647\u0650 \u0631\u064e\u0627\u062c\u0650\u0639\u064f\u0648\u0646\u064e Heute verstarb Herr&nbsp;Vahip&nbsp;\u00c7atalkaya, Vater unseres KUDEM Gr\u00fcndungsmitglieds Ayhan&nbsp;\u00c7atalkaya. Wir w\u00fcnschen Herrn&nbsp;Vahip&nbsp;\u00c7atalakya&nbsp;die unendliche Barmherzigkeit unseres gn\u00e4digen Sch\u00f6pfers und sprechen Ayhan&nbsp;\u00c7atalkaya, den Angeh\u00f6rigen und Nahestehenden unser tiefstes Beileid aus. (Amin)&nbsp; Die Beisetzung findet am Dienstag, den 14.07.2020 t\u00fcrkischer Ortszeit um 11.00 Uhr in [&hellip;]<\/p>\n","protected":false},"author":8,"featured_media":5088,"comment_status":"closed","ping_status":"closed","sticky":false,"template":"","format":"standard","meta":{"footnotes":""},"categories":[101],"tags":[],"class_list":["post-5066","post","type-post","status-publish","format-standard","has-post-thumbnail","hentry","category-beileidsbekundung"],"_links":{"self":[{"href":"https:\/\/www.kudem.com\/de\/wp-json\/wp\/v2\/posts\/5066","targetHints":{"allow":["GET"]}}],"collection":[{"href":"https:\/\/www.kudem.com\/de\/wp-json\/wp\/v2\/posts"}],"about":[{"href":"https:\/\/www.kudem.com\/de\/wp-json\/wp\/v2\/types\/post"}],"author":[{"embeddable":true,"href":"https:\/\/www.kudem.com\/de\/wp-json\/wp\/v2\/users\/8"}],"replies":[{"embeddable":true,"href":"https:\/\/www.kudem.com\/de\/wp-json\/wp\/v2\/comments?post=5066"}],"version-history":[{"count":0,"href":"https:\/\/www.kudem.com\/de\/wp-json\/wp\/v2\/posts\/5066\/revisions"}],"wp:featuredmedia":[{"embeddable":true,"href":"https:\/\/www.kudem.com\/de\/wp-json\/wp\/v2\/media\/5088"}],"wp:attachment":[{"href":"https:\/\/www.kudem.com\/de\/wp-json\/wp\/v2\/media?parent=5066"}],"wp:term":[{"taxonomy":"category","embeddable":true,"href":"https:\/\/www.kudem.com\/de\/wp-json\/wp\/v2\/categories?post=5066"},{"taxonomy":"post_tag","embeddable":true,"href":"https:\/\/www.kudem.com\/de\/wp-json\/wp\/v2\/tags?post=5066"}],"curies":[{"name":"wp","href":"https:\/\/api.w.org\/{rel}","templated":true}]}}