{"id":5256,"date":"2025-09-03T18:00:00","date_gmt":"2025-09-03T16:00:00","guid":{"rendered":"https:\/\/www.kudem.com\/kudem-gratuliert-allen-muslimen-zum-geburtstag-des-propheten"},"modified":"2025-09-03T19:10:08","modified_gmt":"2025-09-03T17:10:08","slug":"geburtstag-des-propheten","status":"publish","type":"post","link":"https:\/\/www.kudem.com\/de\/geburtstag-des-propheten","title":{"rendered":"KUDEM gratuliert allen Muslimen zum Geburtstag des Propheten (s)"},"content":{"rendered":"<p>In der Nacht vom 3.9 auf den 4. 9.2025 gedenken Muslime der Geburt des Gesandten Gottes Mu\u1e25ammad, dem \u201eSiegel der Propheten\u201c, Gottes Segen und Frieden seien auf ihm. Im islamischen Mondkalender f\u00e4llt die Geburt des Propheten (arab.: maulid an-nab\u012b; t\u00fcrk.: Mevlid Kandili) auf die 12. Nacht des dritten Monats Rab\u012b\u02bf al-awwal. Sie geh\u00f6rt zu den f\u00fcnf gesegneten N\u00e4chten in der islamischen Tradition und wird dieses Jahr als der 1455. Jahrestag begangen.<\/p>\n<p>Aus diesem Anlass gratuliert das KUDEM allen Musliminnen und Muslimen zu diesem freudigen Ereignis und hofft, dass diese segensreiche Nacht der Menschheit Frieden, Solidarit\u00e4t, Gerechtigkeit und Barmherzigkeit schenkt.<\/p>\n<p>Die vorislamische \u201eZeit der Unwissenheit\u201c (\u01e7\u0101hiliyya) gilt als eines der dunkelsten Epochen der Menschheitsgeschichte und war gepr\u00e4gt von Unmoral, Grausamkeit, Unterdr\u00fcckung und Ausbeutung. In einer solchen Zeit gelang es dem Propheten durch sein edles Vorbild und seine Botschaft, die zun\u00e4chst auf der arabischen Halbinsel und sp\u00e4ter auf der ganzen Welt Anklang fand, einen gro\u00dfen Wandel hin zum Guten herbeizuf\u00fchren. Der Koran spricht von ihm als eine \u201eBarmherzigkeit f\u00fcr alle Welten\u201c (Koran: 21\/107) und pr\u00e4sentiert ihn aufgrund seines vollkommenen Charakters als perfektes Beispiel f\u00fcr alle Menschen: \u201eWahrlich, ihr habt an dem Gesandten Gottes ein sch\u00f6nes Vorbild f\u00fcr jeden, der auf Gott und den Letzten Tag hofft und Gottes h\u00e4ufig gedenkt.\u201c (Koran: 33\/21)<\/p>\n<p>Wir hoffen, dass dieser Gedenktag Anlass dazu gibt, die universelle Botschaft und Lehre des letzten Propheten (s) intensiver zu verinnerlichen und unser Leben verst\u00e4rkt nach seinem beispielhaften Vorbild zu gestalten.<\/p>\n","protected":false},"excerpt":{"rendered":"<p>In der Nacht vom 3.9 auf den 4. 9.2025 gedenken Muslime der Geburt des Gesandten Gottes Mu\u1e25ammad, dem \u201eSiegel der Propheten\u201c, Gottes Segen und Frieden seien auf ihm. Im islamischen Mondkalender f\u00e4llt die Geburt des Propheten (arab.: maulid an-nab\u012b; t\u00fcrk.: Mevlid Kandili) auf die 12. Nacht des dritten Monats Rab\u012b\u02bf al-awwal. Sie geh\u00f6rt zu den [&hellip;]<\/p>\n","protected":false},"author":2,"featured_media":13393,"comment_status":"closed","ping_status":"closed","sticky":false,"template":"","format":"standard","meta":{"footnotes":""},"categories":[14],"tags":[],"class_list":["post-5256","post","type-post","status-publish","format-standard","has-post-thumbnail","hentry","category-botschaften"],"_links":{"self":[{"href":"https:\/\/www.kudem.com\/de\/wp-json\/wp\/v2\/posts\/5256","targetHints":{"allow":["GET"]}}],"collection":[{"href":"https:\/\/www.kudem.com\/de\/wp-json\/wp\/v2\/posts"}],"about":[{"href":"https:\/\/www.kudem.com\/de\/wp-json\/wp\/v2\/types\/post"}],"author":[{"embeddable":true,"href":"https:\/\/www.kudem.com\/de\/wp-json\/wp\/v2\/users\/2"}],"replies":[{"embeddable":true,"href":"https:\/\/www.kudem.com\/de\/wp-json\/wp\/v2\/comments?post=5256"}],"version-history":[{"count":0,"href":"https:\/\/www.kudem.com\/de\/wp-json\/wp\/v2\/posts\/5256\/revisions"}],"wp:featuredmedia":[{"embeddable":true,"href":"https:\/\/www.kudem.com\/de\/wp-json\/wp\/v2\/media\/13393"}],"wp:attachment":[{"href":"https:\/\/www.kudem.com\/de\/wp-json\/wp\/v2\/media?parent=5256"}],"wp:term":[{"taxonomy":"category","embeddable":true,"href":"https:\/\/www.kudem.com\/de\/wp-json\/wp\/v2\/categories?post=5256"},{"taxonomy":"post_tag","embeddable":true,"href":"https:\/\/www.kudem.com\/de\/wp-json\/wp\/v2\/tags?post=5256"}],"curies":[{"name":"wp","href":"https:\/\/api.w.org\/{rel}","templated":true}]}}