{"id":5262,"date":"2020-11-03T18:00:23","date_gmt":"2020-11-03T17:00:23","guid":{"rendered":"https:\/\/www.kudem.com\/?p=5262"},"modified":"2020-11-03T20:36:07","modified_gmt":"2020-11-03T19:36:07","slug":"kudem-verurteilt-den-terroranschlag-in-wien-auf-das-schaerfste","status":"publish","type":"post","link":"https:\/\/www.kudem.com\/de\/kudem-verurteilt-den-terroranschlag-in-wien-auf-das-schaerfste","title":{"rendered":"KUDEM verurteilt den Terroranschlag in Wien auf das Sch\u00e4rfste"},"content":{"rendered":"<p>Die abscheuliche und kaltbl\u00fctige Tat ereignete sich am Montagabend in der Innenstadt von Wien. Mehrere Bewaffnete haben am vergangenen Abend einen feigen Anschlag ver\u00fcbt, bei dem f\u00fcnf Menschen gestorben und mehrere schwer verletzt worden sind. Wir sind tief best\u00fcrzt. Es gibt keine Rechtfertigung f\u00fcr solch eine Tat, die nichts Anderes als Zerst\u00f6rung, Trauer und Leid hervorgerufen hat.<\/p>\n<p>Mit unseren Gedanken sind wir bei den Angeh\u00f6rigen der Opfer und Verletzten. Wir hoffen, dass diese sinnlosen Taten ein Ende finden und die Menschen in Frieden und Harmonie zusammenleben k\u00f6nnen.<\/p>\n<p>KUDEM<\/p>\n","protected":false},"excerpt":{"rendered":"<p>Die abscheuliche und kaltbl\u00fctige Tat ereignete sich am Montagabend in der Innenstadt von Wien. Mehrere Bewaffnete haben am vergangenen Abend einen feigen Anschlag ver\u00fcbt, bei dem f\u00fcnf Menschen gestorben und mehrere schwer verletzt worden sind. Wir sind tief best\u00fcrzt. Es gibt keine Rechtfertigung f\u00fcr solch eine Tat, die nichts Anderes als Zerst\u00f6rung, Trauer und Leid [&hellip;]<\/p>\n","protected":false},"author":2,"featured_media":5267,"comment_status":"closed","ping_status":"closed","sticky":false,"template":"","format":"standard","meta":{"footnotes":""},"categories":[22],"tags":[],"class_list":["post-5262","post","type-post","status-publish","format-standard","has-post-thumbnail","hentry","category-pressemitteilung"],"_links":{"self":[{"href":"https:\/\/www.kudem.com\/de\/wp-json\/wp\/v2\/posts\/5262","targetHints":{"allow":["GET"]}}],"collection":[{"href":"https:\/\/www.kudem.com\/de\/wp-json\/wp\/v2\/posts"}],"about":[{"href":"https:\/\/www.kudem.com\/de\/wp-json\/wp\/v2\/types\/post"}],"author":[{"embeddable":true,"href":"https:\/\/www.kudem.com\/de\/wp-json\/wp\/v2\/users\/2"}],"replies":[{"embeddable":true,"href":"https:\/\/www.kudem.com\/de\/wp-json\/wp\/v2\/comments?post=5262"}],"version-history":[{"count":0,"href":"https:\/\/www.kudem.com\/de\/wp-json\/wp\/v2\/posts\/5262\/revisions"}],"wp:featuredmedia":[{"embeddable":true,"href":"https:\/\/www.kudem.com\/de\/wp-json\/wp\/v2\/media\/5267"}],"wp:attachment":[{"href":"https:\/\/www.kudem.com\/de\/wp-json\/wp\/v2\/media?parent=5262"}],"wp:term":[{"taxonomy":"category","embeddable":true,"href":"https:\/\/www.kudem.com\/de\/wp-json\/wp\/v2\/categories?post=5262"},{"taxonomy":"post_tag","embeddable":true,"href":"https:\/\/www.kudem.com\/de\/wp-json\/wp\/v2\/tags?post=5262"}],"curies":[{"name":"wp","href":"https:\/\/api.w.org\/{rel}","templated":true}]}}