{"id":592,"date":"2016-12-11T19:47:08","date_gmt":"2016-12-11T19:47:08","guid":{"rendered":"https:\/\/kudem.apps-1and1.net\/?p=592"},"modified":"2018-07-31T19:51:52","modified_gmt":"2018-07-31T19:51:52","slug":"pressemitteilung-kudem-verurteilt-den-terroranschlag-in-istanbul-auf-das-schaerfste","status":"publish","type":"post","link":"https:\/\/www.kudem.com\/de\/pressemitteilung-kudem-verurteilt-den-terroranschlag-in-istanbul-auf-das-schaerfste","title":{"rendered":"Pressemitteilung: KUDEM verurteilt den Terroranschlag in Istanbul auf das Sch\u00e4rfste"},"content":{"rendered":"<p>Mannheim, 11.12.2016. Das KUDEM verurteilt auf das Sch\u00e4rfste den furchtbaren Terrorakt, der am gestrigen Abend in Istanbul im Stadteil Besikta\u015f ver\u00fcbt wurde.<\/p>\n<p>Die abscheuliche und kaltbl\u00fctige Tat ereignete sich nach einem gutbesuchten Fu\u00dfballspiel, bei dem mindestens 38 Menschen gestorben und 155 verletzt worden sind. Wir sind tief best\u00fcrzt. Es gibt keine Rechtfertigung f\u00fcr solch eine Tat, die nichts Anderes als Zerst\u00f6rung, Trauer und Leid hervorgerufen hat.<\/p>\n<p>Mit unseren Gedanken sind wir bei den Angeh\u00f6rigen der Opfer und Verletzten. <\/p>\n<p>Wir hoffen, dass diese sinnlosen Taten ein Ende finden und die Menschen in Frieden und Harmonie zusammenleben k\u00f6nnen.<\/p>\n<p>KUDEM<\/p>\n","protected":false},"excerpt":{"rendered":"<p>Mannheim, 11.12.2016. Das KUDEM verurteilt auf das Sch\u00e4rfste den furchtbaren Terrorakt, der am gestrigen Abend in Istanbul im Stadteil Besikta\u015f ver\u00fcbt wurde. Die abscheuliche und kaltbl\u00fctige Tat ereignete sich nach einem gutbesuchten Fu\u00dfballspiel, bei dem mindestens 38 Menschen gestorben und 155 verletzt worden sind. Wir sind tief best\u00fcrzt. Es gibt keine Rechtfertigung f\u00fcr solch eine [&hellip;]<\/p>\n","protected":false},"author":2,"featured_media":246,"comment_status":"closed","ping_status":"closed","sticky":false,"template":"","format":"standard","meta":{"footnotes":""},"categories":[22],"tags":[],"class_list":["post-592","post","type-post","status-publish","format-standard","has-post-thumbnail","hentry","category-pressemitteilung"],"_links":{"self":[{"href":"https:\/\/www.kudem.com\/de\/wp-json\/wp\/v2\/posts\/592","targetHints":{"allow":["GET"]}}],"collection":[{"href":"https:\/\/www.kudem.com\/de\/wp-json\/wp\/v2\/posts"}],"about":[{"href":"https:\/\/www.kudem.com\/de\/wp-json\/wp\/v2\/types\/post"}],"author":[{"embeddable":true,"href":"https:\/\/www.kudem.com\/de\/wp-json\/wp\/v2\/users\/2"}],"replies":[{"embeddable":true,"href":"https:\/\/www.kudem.com\/de\/wp-json\/wp\/v2\/comments?post=592"}],"version-history":[{"count":0,"href":"https:\/\/www.kudem.com\/de\/wp-json\/wp\/v2\/posts\/592\/revisions"}],"wp:featuredmedia":[{"embeddable":true,"href":"https:\/\/www.kudem.com\/de\/wp-json\/wp\/v2\/media\/246"}],"wp:attachment":[{"href":"https:\/\/www.kudem.com\/de\/wp-json\/wp\/v2\/media?parent=592"}],"wp:term":[{"taxonomy":"category","embeddable":true,"href":"https:\/\/www.kudem.com\/de\/wp-json\/wp\/v2\/categories?post=592"},{"taxonomy":"post_tag","embeddable":true,"href":"https:\/\/www.kudem.com\/de\/wp-json\/wp\/v2\/tags?post=592"}],"curies":[{"name":"wp","href":"https:\/\/api.w.org\/{rel}","templated":true}]}}