{"id":7341,"date":"2022-01-21T15:30:07","date_gmt":"2022-01-21T14:30:07","guid":{"rendered":"https:\/\/www.kudem.com\/kinderbibliothek-schreitet-voran"},"modified":"2022-01-21T18:23:45","modified_gmt":"2022-01-21T17:23:45","slug":"kinderbibliothek-schreitet-voran","status":"publish","type":"post","link":"https:\/\/www.kudem.com\/de\/kinderbibliothek-schreitet-voran","title":{"rendered":"KUDEM und IFIS&#038;IZ beginnen in Zusammenarbeit die Entwicklung der KUDEM Kinderbibliothek mit der Kategorisierung, Barcodierung und Signierung der B\u00fccher"},"content":{"rendered":"<p>Europas gr\u00f6\u00dfte zivile wissenschaftliche Islam Bibliothek mit einem sechssprachigen Bestand von 100.000 B\u00fcchern hat einen weiteren wichtigen Meilenstein erreicht. Unter der Anleitung von Prof. Dr. H\u00fcseyin \u0130lker \u00c7\u0131nar und in Zusammenarbeit von KUDEM und IFIS&#038;IZ wurde die Kategorisierung, Signierung und Barcodierung von 75.000 B\u00fcchern abgeschlossen. Diesen Monat wurden weitere 3.000 B\u00fccher aus Kairo und 2.000 B\u00fccher aus dem westlichen Sprachraum erworben, die bereits kategorisiert, signiert und in das Bibliothekssystem aufgenommen worden sind. Mit der technischen Infrastruktur wird das KUDEM die wissenschaftliche KUDEM-Islambibliothek f\u00fcr die Wissenschaft \u00f6ffnen und damit den Zugang f\u00fcr Forschenden erm\u00f6glichen. Beide Organisationen, KUDEM und das IFIS&#038;IZ, f\u00fchren ihre Arbeiten im Bereich der Wissenschaft und Kultur unabh\u00e4ngig von Drittmitteln oder F\u00f6rderungen anderer \u00f6ffentlichen oder zivilen Organisationen durch und werden ausschlie\u00dflich durch die Mittel der eigenen Mitglieder getragen.<\/p>\n<p>Das KUDEM entwickelt parallel die KUDEM-Kinderbibliothek weiter. Die KUDEM-Kinderbibliothek ist ein einzigartiger Beitrag mit \u00fcber 50.000 B\u00fcchern in vorrangig deutscher und t\u00fcrkischer Sprache sowie bedeutsamen Best\u00e4nden in Englisch, Franz\u00f6sisch und Arabisch. Die B\u00fccher werden hierbei thematisch zugeordnet, signiert und in das Bibliothekssystem aufgenommen. In der KUDEM Kinderbibliothek sollen zuk\u00fcnftig die jungen Leser mit der vielf\u00e4ltigen und reichhaltigen Literatur zusammengebracht und bei M\u00f6glichkeit pers\u00f6nliche Begegnungen mit Kinderbuchautoren veranstaltet werden. Mit Enthusiasmus und Disziplin ist die unermessliche Gunst Allahs mit uns, der Erfolg ist nur durch Allah.<\/p>\n","protected":false},"excerpt":{"rendered":"<p>Europas gr\u00f6\u00dfte zivile wissenschaftliche Islam Bibliothek mit einem sechssprachigen Bestand von 100.000 B\u00fcchern hat einen weiteren wichtigen Meilenstein erreicht. Unter der Anleitung von Prof. Dr. H\u00fcseyin \u0130lker \u00c7\u0131nar und in Zusammenarbeit von KUDEM und IFIS&#038;IZ wurde die Kategorisierung, Signierung und Barcodierung von 75.000 B\u00fcchern abgeschlossen. Diesen Monat wurden weitere 3.000 B\u00fccher aus Kairo und 2.000 [&hellip;]<\/p>\n","protected":false},"author":2,"featured_media":7437,"comment_status":"closed","ping_status":"closed","sticky":false,"template":"","format":"standard","meta":{"footnotes":""},"categories":[1],"tags":[],"class_list":["post-7341","post","type-post","status-publish","format-standard","has-post-thumbnail","hentry","category-allgemein"],"_links":{"self":[{"href":"https:\/\/www.kudem.com\/de\/wp-json\/wp\/v2\/posts\/7341","targetHints":{"allow":["GET"]}}],"collection":[{"href":"https:\/\/www.kudem.com\/de\/wp-json\/wp\/v2\/posts"}],"about":[{"href":"https:\/\/www.kudem.com\/de\/wp-json\/wp\/v2\/types\/post"}],"author":[{"embeddable":true,"href":"https:\/\/www.kudem.com\/de\/wp-json\/wp\/v2\/users\/2"}],"replies":[{"embeddable":true,"href":"https:\/\/www.kudem.com\/de\/wp-json\/wp\/v2\/comments?post=7341"}],"version-history":[{"count":0,"href":"https:\/\/www.kudem.com\/de\/wp-json\/wp\/v2\/posts\/7341\/revisions"}],"wp:featuredmedia":[{"embeddable":true,"href":"https:\/\/www.kudem.com\/de\/wp-json\/wp\/v2\/media\/7437"}],"wp:attachment":[{"href":"https:\/\/www.kudem.com\/de\/wp-json\/wp\/v2\/media?parent=7341"}],"wp:term":[{"taxonomy":"category","embeddable":true,"href":"https:\/\/www.kudem.com\/de\/wp-json\/wp\/v2\/categories?post=7341"},{"taxonomy":"post_tag","embeddable":true,"href":"https:\/\/www.kudem.com\/de\/wp-json\/wp\/v2\/tags?post=7341"}],"curies":[{"name":"wp","href":"https:\/\/api.w.org\/{rel}","templated":true}]}}