{"id":7482,"date":"2022-01-29T15:45:40","date_gmt":"2022-01-29T14:45:40","guid":{"rendered":"https:\/\/www.kudem.com\/?p=7482"},"modified":"2022-01-29T15:58:11","modified_gmt":"2022-01-29T14:58:11","slug":"trauerbekundung-mo","status":"publish","type":"post","link":"https:\/\/www.kudem.com\/de\/trauerbekundung-mo","title":{"rendered":"Trauerbekundung"},"content":{"rendered":"<p>\u201eWir kommen von Allah und zu Ihm kehren wir zur\u00fcck.\u201c<\/p>\n<p>\u0625\u0650\u0646\u064e\u0651\u0627 \u0644\u0650\u0644\u0651\u0647\u0650 \u0648\u064e\u0625\u0650\u0646\u064e\u0651\u0627 \u0625\u0650\u0644\u064e\u064a\u0652\u0647\u0650 \u0631\u064e\u0627\u062c\u0650\u0639\u064f\u0648\u0646\u064e<\/p>\n<p>Heute verstarb Herr Metin \u00d6zdemir, Vater unseres KUDEM Vorstandsmitglieds Dr. Sinan \u00d6zdemir. Wir w\u00fcnschen Herrn Metin \u00d6zdemir die unendliche Barmherzigkeit unseres gn\u00e4digen Sch\u00f6pfers und sprechen Dr. Sinan \u00d6zdemir, den Angeh\u00f6rigen und Nahestehenden unser tiefstes Beileid aus. (Amin)<\/p>\n","protected":false},"excerpt":{"rendered":"<p>\u201eWir kommen von Allah und zu Ihm kehren wir zur\u00fcck.\u201c \u0625\u0650\u0646\u064e\u0651\u0627 \u0644\u0650\u0644\u0651\u0647\u0650 \u0648\u064e\u0625\u0650\u0646\u064e\u0651\u0627 \u0625\u0650\u0644\u064e\u064a\u0652\u0647\u0650 \u0631\u064e\u0627\u062c\u0650\u0639\u064f\u0648\u0646\u064e Heute verstarb Herr Metin \u00d6zdemir, Vater unseres KUDEM Vorstandsmitglieds Dr. Sinan \u00d6zdemir. Wir w\u00fcnschen Herrn Metin \u00d6zdemir die unendliche Barmherzigkeit unseres gn\u00e4digen Sch\u00f6pfers und sprechen Dr. Sinan \u00d6zdemir, den Angeh\u00f6rigen und Nahestehenden unser tiefstes Beileid aus. (Amin)<\/p>\n","protected":false},"author":2,"featured_media":71,"comment_status":"closed","ping_status":"closed","sticky":false,"template":"","format":"standard","meta":{"footnotes":""},"categories":[1],"tags":[],"class_list":["post-7482","post","type-post","status-publish","format-standard","has-post-thumbnail","hentry","category-allgemein"],"_links":{"self":[{"href":"https:\/\/www.kudem.com\/de\/wp-json\/wp\/v2\/posts\/7482","targetHints":{"allow":["GET"]}}],"collection":[{"href":"https:\/\/www.kudem.com\/de\/wp-json\/wp\/v2\/posts"}],"about":[{"href":"https:\/\/www.kudem.com\/de\/wp-json\/wp\/v2\/types\/post"}],"author":[{"embeddable":true,"href":"https:\/\/www.kudem.com\/de\/wp-json\/wp\/v2\/users\/2"}],"replies":[{"embeddable":true,"href":"https:\/\/www.kudem.com\/de\/wp-json\/wp\/v2\/comments?post=7482"}],"version-history":[{"count":0,"href":"https:\/\/www.kudem.com\/de\/wp-json\/wp\/v2\/posts\/7482\/revisions"}],"wp:featuredmedia":[{"embeddable":true,"href":"https:\/\/www.kudem.com\/de\/wp-json\/wp\/v2\/media\/71"}],"wp:attachment":[{"href":"https:\/\/www.kudem.com\/de\/wp-json\/wp\/v2\/media?parent=7482"}],"wp:term":[{"taxonomy":"category","embeddable":true,"href":"https:\/\/www.kudem.com\/de\/wp-json\/wp\/v2\/categories?post=7482"},{"taxonomy":"post_tag","embeddable":true,"href":"https:\/\/www.kudem.com\/de\/wp-json\/wp\/v2\/tags?post=7482"}],"curies":[{"name":"wp","href":"https:\/\/api.w.org\/{rel}","templated":true}]}}