{"id":855,"date":"2026-03-16T15:28:26","date_gmt":"2026-03-16T14:28:26","guid":{"rendered":"https:\/\/kudem.apps-1and1.net\/?p=855"},"modified":"2026-03-16T15:56:08","modified_gmt":"2026-03-16T14:56:08","slug":"nacht-der-bestimmung","status":"publish","type":"post","link":"https:\/\/www.kudem.com\/de\/nacht-der-bestimmung","title":{"rendered":"KUDEM begl\u00fcckw\u00fcnscht alle Muslime zur Nacht der Bestimmung (Lailat al-Qadr)"},"content":{"rendered":"<p>W\u00e4hrend sich der Ramadan in diesen Tagen seinem Ende zuneigt, erwarten wir gleichzeitig in freudiger Aufregung den H\u00f6hepunkt diesen segensreichen Monats: \u201edie Nacht der Bestimmung\u201c (lailat al-qadr) \u2013 eine Nacht, die laut dem Koran wertvoller ist als tausend Monate.<\/p>\n<p>Nach einer \u00dcberlieferung des Propheten Muhammad (s.a.w.) ist sie in den letzten zehn ungeraden N\u00e4chten des Ramadan zu suchen (vgl. al-Bu\u1e2b\u0101r\u012b, Lailat al-Qadr, 3; Muslim, a\u1e63-\u1e62iyam, 216.) Traditionell wird sie in der 27. Nacht des Ramadans begangen; dem gregorianischen Kalender entsprechend f\u00e4llt sie dieses Jahr in die Nacht vom 16. auf den 17. M\u00e4rz. Aus diesem Anlass gratuliert das KUDEM allen Muslimen zu dieser besonderen Nacht und bittet unseren Herrn, dass er all unsere Gottesdienste und Gebete im Ramadan annehmen m\u00f6ge sowie jeden von uns an seinem Segen teilhaben lasse.<\/p>\n<p>In dieser Nacht, die den Namen einer Sure des Koran tr\u00e4gt, begann die Offenbarung der g\u00f6ttlichen Botschaft (wahy). Um die herausragende Stellung dieser Nacht zu verdeutlichen, ist die 97. Sure des Korans dieser besonderen Nacht gewidmet: <em>\u201eWir haben ihn in der Nacht der Bestimmung hinabgesandt. Und woher sollst du wissen,was die Nacht der Bestimmung ist? Die Nacht der Bestimmung ist besser als tausend Monate. Die Engel und der Geist kommen in ihr mit der Erlaubnis ihres Herrn herab mit jedem Befehl, (des) Frieden, ist sie bis zum Aufgang der Morgenr\u00f6te.\u201c<\/em>(Koran: 97\/1-5).<\/p>\n<p>Daher rief der Gesandte Gottes die Muslime dazu auf, diese Nacht in w\u00fcrdiger Weise mit Gottesdiensten zu verbringen. Zudem versprach er uns, dass die Bittgebete in jener Nacht besondere Erf\u00fcllung erhalten und S\u00fcnden vergeben werden: \u201eWer die Nacht der Bestimmung begeht, indem er ihre Bedeutung und Vorz\u00fcglichkeit w\u00fcrdigt und dabei seinen Lohn von Allah erhofft, dem werden seine vorausgegangenen S\u00fcnden erlassen.\u201c (al-Bu\u1e2b\u0101r\u012b, Tar\u0101w\u012b\u1e25, 2;Muslim, a\u1e63-\u1e62al\u0101t, 25). Au\u00dferdem legte er uns f\u00fcr diese Nacht folgendes Gebet nahe: <em>\u201eO Allah! Du bist der Vergebende und liebst es zu vergeben. So vergib auch mir.\u201c<\/em> (at-Tirmi\u1e0f\u012b, Da\u02bfaw\u0101t, 84).<\/p>\n<p>So sollten auch wir diese Nacht dazu nutzen, unsere Fehltaten und S\u00fcnden zu bereuen sowie aufrichtige Bu\u00dfe vor unserem Herrn abzulegen. M\u00f6ge diese Nacht als ein g\u00f6ttliches Geschenk zur Nacht der Vergebung unserer S\u00fcnden werden. In der Hoffnung, dass Gott uns das Ramadan-Fest in Gesundheit, Wohlbefinden und Gl\u00fcck erreichen l\u00e4sst, gelten unsere Gebete auch der Einkehr von Frieden und Liebe sowie Eintracht und Br\u00fcderlichkeit in aller Welt.<\/p>\n\n\n<p><\/p>\n","protected":false},"excerpt":{"rendered":"<p>W\u00e4hrend sich der Ramadan in diesen Tagen seinem Ende zuneigt, erwarten wir gleichzeitig in freudiger Aufregung den H\u00f6hepunkt diesen segensreichen Monats: \u201edie Nacht der Bestimmung\u201c (lailat al-qadr) \u2013 eine Nacht, die laut dem Koran wertvoller ist als tausend Monate. Nach einer \u00dcberlieferung des Propheten Muhammad (s.a.w.) ist sie in den letzten zehn ungeraden N\u00e4chten des [&hellip;]<\/p>\n","protected":false},"author":2,"featured_media":13942,"comment_status":"closed","ping_status":"closed","sticky":false,"template":"","format":"standard","meta":{"footnotes":""},"categories":[14],"tags":[],"class_list":["post-855","post","type-post","status-publish","format-standard","has-post-thumbnail","hentry","category-botschaften"],"_links":{"self":[{"href":"https:\/\/www.kudem.com\/de\/wp-json\/wp\/v2\/posts\/855","targetHints":{"allow":["GET"]}}],"collection":[{"href":"https:\/\/www.kudem.com\/de\/wp-json\/wp\/v2\/posts"}],"about":[{"href":"https:\/\/www.kudem.com\/de\/wp-json\/wp\/v2\/types\/post"}],"author":[{"embeddable":true,"href":"https:\/\/www.kudem.com\/de\/wp-json\/wp\/v2\/users\/2"}],"replies":[{"embeddable":true,"href":"https:\/\/www.kudem.com\/de\/wp-json\/wp\/v2\/comments?post=855"}],"version-history":[{"count":0,"href":"https:\/\/www.kudem.com\/de\/wp-json\/wp\/v2\/posts\/855\/revisions"}],"wp:featuredmedia":[{"embeddable":true,"href":"https:\/\/www.kudem.com\/de\/wp-json\/wp\/v2\/media\/13942"}],"wp:attachment":[{"href":"https:\/\/www.kudem.com\/de\/wp-json\/wp\/v2\/media?parent=855"}],"wp:term":[{"taxonomy":"category","embeddable":true,"href":"https:\/\/www.kudem.com\/de\/wp-json\/wp\/v2\/categories?post=855"},{"taxonomy":"post_tag","embeddable":true,"href":"https:\/\/www.kudem.com\/de\/wp-json\/wp\/v2\/tags?post=855"}],"curies":[{"name":"wp","href":"https:\/\/api.w.org\/{rel}","templated":true}]}}