{"id":863,"date":"2026-03-20T05:50:00","date_gmt":"2026-03-20T04:50:00","guid":{"rendered":"https:\/\/kudem.apps-1and1.net\/?p=863"},"modified":"2026-03-20T03:04:29","modified_gmt":"2026-03-20T02:04:29","slug":"gesegnetes-und-frohes-ramadan-fest","status":"publish","type":"post","link":"https:\/\/www.kudem.com\/de\/gesegnetes-und-frohes-ramadan-fest","title":{"rendered":"KUDEM w\u00fcnscht ein gesegnetes und frohes Ramadan-Fest"},"content":{"rendered":"<p>Mit dem Ende des gesegneten Fastenmonats Ramadan feiern Muslime auf der ganzen Welt das gesegnete Ramadan-Fest (arab.: \u02bf\u012ad al-fi\u1e6dr; t\u00fcrk.: Ramazan Bayram\u0131). Das KUDEM w\u00fcnscht zu diesem Anlass allen Musliminnen und Muslimen ein fr\u00f6hliches und gesegnetes Fest. Als eine Zeit der Freude, des Zusammenhalts sowie der Vers\u00f6hnung kommt dem Ramadan eine ganz besondere Stellung zu. Neben diesen sozialen Aspekten erm\u00f6glichte der Fastenmonat durch das Fasten, die Gebete und die innere Einkehr jedem Individuum eine geistige (Selbst-) Disziplin und spirituelle Reinigung. In einem Prophetenausspruch wird in diesem Zusammenhang f\u00fcr den aufrichtig Fastenden die Tilgung seiner gesamten vergangenen Fehltaten angek\u00fcndigt: <em>\u201eJedem, der im Glauben und seine Belohnung von Allah erwartend das Ramadan-Fasten vollzieht, werden seine vergangenen S\u00fcnden vergeben.\u201c<\/em> (al-Bu\u1e2b\u0101r\u012b: \u012am\u0101n 28).<\/p>\n<p>Der Gl\u00e4ubige konnte seine Beziehung zu Gott intensivieren und durch die Aus\u00fcbung vieler n\u00fctzlicher Wohltaten und die Abkehr von schlechten Angewohnheiten sich die universellen Werte des Islams aneignen, die es auch weiterhin nach der Fastenzeit f\u00fcr ein ganzes Leben lang beizubehalten gilt. Der Prophet Mu\u1e25ammad (s) empfahl diesbez\u00fcglich: <em>\u201eDie gottgef\u00e4lligsten Handlungen sind jene, die \u2013 wenn auch nur wenig \u2013 regelm\u00e4\u00dfig und kontinuierlich vollzogen werden.\u201c<\/em>(al-Bu\u1e2b\u0101r\u012b, \u012am\u0101n, 32; Muslim, Mis\u0101fir\u012bn, 221)<\/p>\n<p>In diesem Sinne w\u00fcnscht das KUDEM allen Muslimen in Deutschland sowie der ganzen islamischen Welt ein gesegnetes Ramadan-Fest und betet, dass dieser Anlass f\u00fcr ein weltweit friedliches Miteinander in Eintracht und Frieden geben m\u00f6ge.\u00a0<\/p>\n\n\n<p><\/p>\n","protected":false},"excerpt":{"rendered":"<p>Mit dem Ende des gesegneten Fastenmonats Ramadan feiern Muslime auf der ganzen Welt das gesegnete Ramadan-Fest (arab.: \u02bf\u012ad al-fi\u1e6dr; t\u00fcrk.: Ramazan Bayram\u0131). Das KUDEM w\u00fcnscht zu diesem Anlass allen Musliminnen und Muslimen ein fr\u00f6hliches und gesegnetes Fest. Als eine Zeit der Freude, des Zusammenhalts sowie der Vers\u00f6hnung kommt dem Ramadan eine ganz besondere Stellung zu. [&hellip;]<\/p>\n","protected":false},"author":2,"featured_media":13974,"comment_status":"closed","ping_status":"closed","sticky":false,"template":"","format":"standard","meta":{"footnotes":""},"categories":[14],"tags":[],"class_list":["post-863","post","type-post","status-publish","format-standard","has-post-thumbnail","hentry","category-botschaften"],"_links":{"self":[{"href":"https:\/\/www.kudem.com\/de\/wp-json\/wp\/v2\/posts\/863","targetHints":{"allow":["GET"]}}],"collection":[{"href":"https:\/\/www.kudem.com\/de\/wp-json\/wp\/v2\/posts"}],"about":[{"href":"https:\/\/www.kudem.com\/de\/wp-json\/wp\/v2\/types\/post"}],"author":[{"embeddable":true,"href":"https:\/\/www.kudem.com\/de\/wp-json\/wp\/v2\/users\/2"}],"replies":[{"embeddable":true,"href":"https:\/\/www.kudem.com\/de\/wp-json\/wp\/v2\/comments?post=863"}],"version-history":[{"count":0,"href":"https:\/\/www.kudem.com\/de\/wp-json\/wp\/v2\/posts\/863\/revisions"}],"wp:featuredmedia":[{"embeddable":true,"href":"https:\/\/www.kudem.com\/de\/wp-json\/wp\/v2\/media\/13974"}],"wp:attachment":[{"href":"https:\/\/www.kudem.com\/de\/wp-json\/wp\/v2\/media?parent=863"}],"wp:term":[{"taxonomy":"category","embeddable":true,"href":"https:\/\/www.kudem.com\/de\/wp-json\/wp\/v2\/categories?post=863"},{"taxonomy":"post_tag","embeddable":true,"href":"https:\/\/www.kudem.com\/de\/wp-json\/wp\/v2\/tags?post=863"}],"curies":[{"name":"wp","href":"https:\/\/api.w.org\/{rel}","templated":true}]}}