{"id":8904,"date":"2022-11-22T13:51:03","date_gmt":"2022-11-22T12:51:03","guid":{"rendered":"https:\/\/int.kudem.com\/vefat-rasit-kucuk"},"modified":"2022-11-22T14:00:57","modified_gmt":"2022-11-22T13:00:57","slug":"trauert-rasit-kucuk","status":"publish","type":"post","link":"https:\/\/www.kudem.com\/de\/trauert-rasit-kucuk","title":{"rendered":"KUDEM trauert um den Gelehrten Prof. Dr. Ra\u015fit K\u00fc\u00e7\u00fck"},"content":{"rendered":"\n<p>\u0625\u0650\u0646\u064e\u0651\u0627 \u0644\u0650\u0644\u0651\u0647\u0650 \u0648\u064e\u0625\u0650\u0646\u064e\u0651\u0627 \u0625\u0650\u0644\u064e\u064a\u0652\u0647\u0650 \u0631\u064e\u0627\u062c\u0650\u0639\u064f\u0648\u0646\u064e<\/p>\n\n<p>In tiefer Trauer hat uns heute die Nachricht vom Ableben des Gelehrten Prof. Dr. Ra\u015fit K\u00fc\u00e7\u00fck erreicht. Er unterst\u00fctzte in verschiedener Weise die Arbeit und Entwicklung des KUDEM und war Mitglied des Wissenschaftlichen Beirats des IFIS&amp;IZ.<\/p>\n\n<p>M\u00f6ge Allah Prof. Dr. Ra\u015fit K\u00fc\u00e7\u00fck in unendlicher Barmherzigkeit aufnehmen. Seinen Familienangeh\u00f6rigen, Sch\u00fclern und Sympathisanten w\u00fcnschen wir viel Kraft und Geduld.<\/p>\n","protected":false},"excerpt":{"rendered":"<p>\u0625\u0650\u0646\u064e\u0651\u0627 \u0644\u0650\u0644\u0651\u0647\u0650 \u0648\u064e\u0625\u0650\u0646\u064e\u0651\u0627 \u0625\u0650\u0644\u064e\u064a\u0652\u0647\u0650 \u0631\u064e\u0627\u062c\u0650\u0639\u064f\u0648\u0646\u064e In tiefer Trauer hat uns heute die Nachricht vom Ableben des Gelehrten Prof. Dr. Ra\u015fit K\u00fc\u00e7\u00fck erreicht. Er unterst\u00fctzte in verschiedener Weise die Arbeit und Entwicklung des KUDEM und war Mitglied des Wissenschaftlichen Beirats des IFIS&amp;IZ. M\u00f6ge Allah Prof. Dr. Ra\u015fit K\u00fc\u00e7\u00fck in unendlicher Barmherzigkeit aufnehmen. Seinen Familienangeh\u00f6rigen, Sch\u00fclern und [&hellip;]<\/p>\n","protected":false},"author":2,"featured_media":8897,"comment_status":"closed","ping_status":"closed","sticky":false,"template":"","format":"standard","meta":{"footnotes":""},"categories":[1],"tags":[],"class_list":["post-8904","post","type-post","status-publish","format-standard","has-post-thumbnail","hentry","category-allgemein"],"_links":{"self":[{"href":"https:\/\/www.kudem.com\/de\/wp-json\/wp\/v2\/posts\/8904","targetHints":{"allow":["GET"]}}],"collection":[{"href":"https:\/\/www.kudem.com\/de\/wp-json\/wp\/v2\/posts"}],"about":[{"href":"https:\/\/www.kudem.com\/de\/wp-json\/wp\/v2\/types\/post"}],"author":[{"embeddable":true,"href":"https:\/\/www.kudem.com\/de\/wp-json\/wp\/v2\/users\/2"}],"replies":[{"embeddable":true,"href":"https:\/\/www.kudem.com\/de\/wp-json\/wp\/v2\/comments?post=8904"}],"version-history":[{"count":0,"href":"https:\/\/www.kudem.com\/de\/wp-json\/wp\/v2\/posts\/8904\/revisions"}],"wp:featuredmedia":[{"embeddable":true,"href":"https:\/\/www.kudem.com\/de\/wp-json\/wp\/v2\/media\/8897"}],"wp:attachment":[{"href":"https:\/\/www.kudem.com\/de\/wp-json\/wp\/v2\/media?parent=8904"}],"wp:term":[{"taxonomy":"category","embeddable":true,"href":"https:\/\/www.kudem.com\/de\/wp-json\/wp\/v2\/categories?post=8904"},{"taxonomy":"post_tag","embeddable":true,"href":"https:\/\/www.kudem.com\/de\/wp-json\/wp\/v2\/tags?post=8904"}],"curies":[{"name":"wp","href":"https:\/\/api.w.org\/{rel}","templated":true}]}}