{"id":4764,"date":"2019-12-02T12:57:00","date_gmt":"2019-12-02T11:57:00","guid":{"rendered":"https:\/\/kudem.apps-1and1.net\/condolences-5"},"modified":"2020-05-18T11:02:42","modified_gmt":"2020-05-18T09:02:42","slug":"condolences-5","status":"publish","type":"post","link":"https:\/\/www.kudem.com\/en\/condolences-5","title":{"rendered":"Condolences"},"content":{"rendered":"\n<p class=\"has-text-align-center\">\u201cTo Allah, we belong, and to Him, we shall return.\u201d<\/p>\n\n<blockquote class=\"wp-block-quote has-text-align-center is-layout-flow wp-block-quote-is-layout-flow\"><p>\u0625\u0650\u0646\u064e\u0651\u0627 \u0644\u0650\u0644\u0651\u0647\u0650 \u0648\u064e\u0625\u0650\u0646\u064e\u0651\u0627 \u0625\u0650\u0644\u064e\u064a\u0652\u0647\u0650 \u0631\u064e\u0627\u062c\u0650\u0639\u064f\u0648\u0646\u064e<\/p><\/blockquote>\n\n<div class=\"wp-block-image\"><figure class=\"aligncenter size-large is-resized\"><img fetchpriority=\"high\" decoding=\"async\" src=\"https:\/\/www.kudem.com\/wp-content\/uploads\/2020\/01\/KUDEM-Muhittin-C\u0327\u0131nar.jpg\" alt=\"Muhittin C&#x327;&#x131;nar\" class=\"wp-image-3561\" width=\"224\" height=\"308\" srcset=\"https:\/\/www.kudem.com\/wp-content\/uploads\/2020\/01\/KUDEM-Muhittin-C\u0327\u0131nar.jpg 1165w, https:\/\/www.kudem.com\/wp-content\/uploads\/2020\/01\/KUDEM-Muhittin-C\u0327\u0131nar-218x300.jpg 218w, https:\/\/www.kudem.com\/wp-content\/uploads\/2020\/01\/KUDEM-Muhittin-C\u0327\u0131nar-746x1024.jpg 746w, https:\/\/www.kudem.com\/wp-content\/uploads\/2020\/01\/KUDEM-Muhittin-C\u0327\u0131nar-109x150.jpg 109w, https:\/\/www.kudem.com\/wp-content\/uploads\/2020\/01\/KUDEM-Muhittin-C\u0327\u0131nar-768x1055.jpg 768w, https:\/\/www.kudem.com\/wp-content\/uploads\/2020\/01\/KUDEM-Muhittin-C\u0327\u0131nar-1118x1536.jpg 1118w\" sizes=\"(max-width: 224px) 100vw, 224px\" \/><\/figure><\/div>\n\n<p>Mr. Muhittin \u00c7\u0131nar the father of KUDEM\u2019s founder Honorable Prof. Dr. H\u00fcseyin \u0130lker \u00c7\u0131nar has passed away. May Allah, the Exalted and Merciful, have mercy on the soul of Mr. Muhittin \u00c7\u0131nar and grant his the entrance into paradise. We wish Honorable Prof. Dr. H\u00fcseyin \u0130lker \u00c7\u0131nar, his family and beloved one&#8217;s the best patience. (Amin)<\/p>\n\n<p>The funeral is on Wednesday the 4th December 2019 after the Dhur prayer at the Molla H\u00fcsrev Mosque in Yerk\u00f6y Yozgat.<\/p>\n","protected":false},"excerpt":{"rendered":"<p>\u201cTo Allah, we belong, and to Him, we shall return.\u201d \u0625\u0650\u0646\u064e\u0651\u0627 \u0644\u0650\u0644\u0651\u0647\u0650 \u0648\u064e\u0625\u0650\u0646\u064e\u0651\u0627 \u0625\u0650\u0644\u064e\u064a\u0652\u0647\u0650 \u0631\u064e\u0627\u062c\u0650\u0639\u064f\u0648\u0646\u064e Mr. Muhittin \u00c7\u0131nar the father of KUDEM\u2019s founder Honorable Prof. Dr. H\u00fcseyin \u0130lker \u00c7\u0131nar has passed away. May Allah, the Exalted and Merciful, have mercy on the soul of Mr. Muhittin \u00c7\u0131nar and grant his the entrance into paradise. We [&hellip;]<\/p>\n","protected":false},"author":2,"featured_media":70,"comment_status":"closed","ping_status":"closed","sticky":false,"template":"","format":"standard","meta":{"footnotes":""},"categories":[102],"tags":[],"class_list":["post-4764","post","type-post","status-publish","format-standard","has-post-thumbnail","hentry","category-condolences"],"_links":{"self":[{"href":"https:\/\/www.kudem.com\/en\/wp-json\/wp\/v2\/posts\/4764","targetHints":{"allow":["GET"]}}],"collection":[{"href":"https:\/\/www.kudem.com\/en\/wp-json\/wp\/v2\/posts"}],"about":[{"href":"https:\/\/www.kudem.com\/en\/wp-json\/wp\/v2\/types\/post"}],"author":[{"embeddable":true,"href":"https:\/\/www.kudem.com\/en\/wp-json\/wp\/v2\/users\/2"}],"replies":[{"embeddable":true,"href":"https:\/\/www.kudem.com\/en\/wp-json\/wp\/v2\/comments?post=4764"}],"version-history":[{"count":0,"href":"https:\/\/www.kudem.com\/en\/wp-json\/wp\/v2\/posts\/4764\/revisions"}],"wp:featuredmedia":[{"embeddable":true,"href":"https:\/\/www.kudem.com\/en\/wp-json\/wp\/v2\/media\/70"}],"wp:attachment":[{"href":"https:\/\/www.kudem.com\/en\/wp-json\/wp\/v2\/media?parent=4764"}],"wp:term":[{"taxonomy":"category","embeddable":true,"href":"https:\/\/www.kudem.com\/en\/wp-json\/wp\/v2\/categories?post=4764"},{"taxonomy":"post_tag","embeddable":true,"href":"https:\/\/www.kudem.com\/en\/wp-json\/wp\/v2\/tags?post=4764"}],"curies":[{"name":"wp","href":"https:\/\/api.w.org\/{rel}","templated":true}]}}