{"id":86,"date":"2014-06-01T22:40:03","date_gmt":"2014-06-01T20:40:03","guid":{"rendered":"https:\/\/kudem.apps-1and1.net\/?p=86"},"modified":"2018-07-30T22:42:18","modified_gmt":"2018-07-30T22:42:18","slug":"kudem-and-ifisiz-welcomed-high-level-delegation-of-the-bozok-university-yozgat","status":"publish","type":"post","link":"https:\/\/www.kudem.com\/en\/kudem-and-ifisiz-welcomed-high-level-delegation-of-the-bozok-university-yozgat","title":{"rendered":"KUDEM and IFIS&#038;IZ welcomed high level delegation of the Bozok University Yozgat"},"content":{"rendered":"<p>A high-level delegation of the Bozok University Yozgat (Turkey) visited KUDEM and IFIS&#038;IZ. Prof. Dr. H\u00fcseyin \u0130lker \u00c7\u0131nar received the delegation which was led by the director of the University Prof. Dr. Tamer U\u00e7ar, futher the deputy director Prof. Dr. \u015eaban G\u00fc\u00e7l\u00fc, coordinator of the Erasmus exchange program Assoc. Prof. Dr. Serpil Savc\u0131 and the coordinator of the Mevlana exchange program and lecturer Assoc. Prof. Dr. Burhan \u00dcnal.<\/p>\n<p>Director Prof. Dr. U\u00e7ar was impressed and congratulated on the work and the projects of the KUDEM and IFIS&#038;IZ, especially in the field of art, culture and science. Together with Prof. Dr. \u00c7\u0131nar was agreed to enhance the institutional relations between the IFIS&#038;IZ and Bozok University.<\/p>\n","protected":false},"excerpt":{"rendered":"<p>A high-level delegation of the Bozok University Yozgat (Turkey) visited KUDEM and IFIS&#038;IZ. Prof. Dr. H\u00fcseyin \u0130lker \u00c7\u0131nar received the delegation which was led by the director of the University Prof. Dr. Tamer U\u00e7ar, futher the deputy director Prof. Dr. \u015eaban G\u00fc\u00e7l\u00fc, coordinator of the Erasmus exchange program Assoc. Prof. Dr. Serpil Savc\u0131 and the [&hellip;]<\/p>\n","protected":false},"author":2,"featured_media":80,"comment_status":"closed","ping_status":"closed","sticky":false,"template":"","format":"standard","meta":{"footnotes":""},"categories":[2],"tags":[],"class_list":["post-86","post","type-post","status-publish","format-standard","has-post-thumbnail","hentry","category-general"],"_links":{"self":[{"href":"https:\/\/www.kudem.com\/en\/wp-json\/wp\/v2\/posts\/86","targetHints":{"allow":["GET"]}}],"collection":[{"href":"https:\/\/www.kudem.com\/en\/wp-json\/wp\/v2\/posts"}],"about":[{"href":"https:\/\/www.kudem.com\/en\/wp-json\/wp\/v2\/types\/post"}],"author":[{"embeddable":true,"href":"https:\/\/www.kudem.com\/en\/wp-json\/wp\/v2\/users\/2"}],"replies":[{"embeddable":true,"href":"https:\/\/www.kudem.com\/en\/wp-json\/wp\/v2\/comments?post=86"}],"version-history":[{"count":0,"href":"https:\/\/www.kudem.com\/en\/wp-json\/wp\/v2\/posts\/86\/revisions"}],"wp:featuredmedia":[{"embeddable":true,"href":"https:\/\/www.kudem.com\/en\/wp-json\/wp\/v2\/media\/80"}],"wp:attachment":[{"href":"https:\/\/www.kudem.com\/en\/wp-json\/wp\/v2\/media?parent=86"}],"wp:term":[{"taxonomy":"category","embeddable":true,"href":"https:\/\/www.kudem.com\/en\/wp-json\/wp\/v2\/categories?post=86"},{"taxonomy":"post_tag","embeddable":true,"href":"https:\/\/www.kudem.com\/en\/wp-json\/wp\/v2\/tags?post=86"}],"curies":[{"name":"wp","href":"https:\/\/api.w.org\/{rel}","templated":true}]}}