{"id":11167,"date":"2024-04-22T21:43:01","date_gmt":"2024-04-22T19:43:01","guid":{"rendered":"https:\/\/int.kudem.com\/taziye-hasan-kilic-hocaefendi"},"modified":"2024-04-28T00:18:48","modified_gmt":"2024-04-27T22:18:48","slug":"taziye-hasan-kilic-hocaefendi","status":"publish","type":"post","link":"https:\/\/www.kudem.com\/tr\/taziye-hasan-kilic-hocaefendi","title":{"rendered":"KUDEM, muhterem Hasan K\u0131l\u0131\u00e7 Hocaefendi\u2019ye Cenab-\u0131 Hak\u2019tan rahmet ve ma\u011ffiret niyaz eder"},"content":{"rendered":"\n<p>\u0625\u0650\u0646\u064e\u0651\u0627 \u0650\u0644\u0650\u0644\u064e\u0651\u0670\u0647\u0650 \u0648\u064e\u0625\u0650\u0646\u064e\u0651\u0627 \u0625\u0650\u0644\u064e\u064a\u0652\u0647\u0650 \u0631\u064e\u0627\u062c\u0650\u0639\u064f\u0648\u0646\u064e<\/p>\n\n<p>\u201cAlimin \u00f6l\u00fcm\u00fc alemin \u00f6l\u00fcm\u00fc gibidir\u201d Bug\u00fcn rahmet-i Rahman\u2019a kavu\u015fan muhterem Hasan K\u0131l\u0131\u00e7 Hocaefendi\u2019ye Cenab-\u0131 Hak\u2019tan rahmet ve ma\u011ffiret niyaz eder, ba\u015fta ailesi olmak \u00fczere talebelerine ve t\u00fcm sevenlerine sabr-\u0131 cemil dileriz.<\/p>\n","protected":false},"excerpt":{"rendered":"<p>\u0625\u0650\u0646\u064e\u0651\u0627 \u0650\u0644\u0650\u0644\u064e\u0651\u0670\u0647\u0650 \u0648\u064e\u0625\u0650\u0646\u064e\u0651\u0627 \u0625\u0650\u0644\u064e\u064a\u0652\u0647\u0650 \u0631\u064e\u0627\u062c\u0650\u0639\u064f\u0648\u0646\u064e \u201cAlimin \u00f6l\u00fcm\u00fc alemin \u00f6l\u00fcm\u00fc gibidir\u201d Bug\u00fcn rahmet-i Rahman\u2019a kavu\u015fan muhterem Hasan K\u0131l\u0131\u00e7 Hocaefendi\u2019ye Cenab-\u0131 Hak\u2019tan rahmet ve ma\u011ffiret niyaz eder, ba\u015fta ailesi olmak \u00fczere talebelerine ve t\u00fcm sevenlerine sabr-\u0131 cemil dileriz.<\/p>\n","protected":false},"author":2,"featured_media":11175,"comment_status":"closed","ping_status":"closed","sticky":false,"template":"","format":"standard","meta":{"footnotes":""},"categories":[103],"tags":[],"class_list":["post-11167","post","type-post","status-publish","format-standard","has-post-thumbnail","hentry","category-taziye-mesaji"],"_links":{"self":[{"href":"https:\/\/www.kudem.com\/tr\/wp-json\/wp\/v2\/posts\/11167","targetHints":{"allow":["GET"]}}],"collection":[{"href":"https:\/\/www.kudem.com\/tr\/wp-json\/wp\/v2\/posts"}],"about":[{"href":"https:\/\/www.kudem.com\/tr\/wp-json\/wp\/v2\/types\/post"}],"author":[{"embeddable":true,"href":"https:\/\/www.kudem.com\/tr\/wp-json\/wp\/v2\/users\/2"}],"replies":[{"embeddable":true,"href":"https:\/\/www.kudem.com\/tr\/wp-json\/wp\/v2\/comments?post=11167"}],"version-history":[{"count":0,"href":"https:\/\/www.kudem.com\/tr\/wp-json\/wp\/v2\/posts\/11167\/revisions"}],"wp:featuredmedia":[{"embeddable":true,"href":"https:\/\/www.kudem.com\/tr\/wp-json\/wp\/v2\/media\/11175"}],"wp:attachment":[{"href":"https:\/\/www.kudem.com\/tr\/wp-json\/wp\/v2\/media?parent=11167"}],"wp:term":[{"taxonomy":"category","embeddable":true,"href":"https:\/\/www.kudem.com\/tr\/wp-json\/wp\/v2\/categories?post=11167"},{"taxonomy":"post_tag","embeddable":true,"href":"https:\/\/www.kudem.com\/tr\/wp-json\/wp\/v2\/tags?post=11167"}],"curies":[{"name":"wp","href":"https:\/\/api.w.org\/{rel}","templated":true}]}}