{"id":11228,"date":"2024-05-02T14:08:20","date_gmt":"2024-05-02T12:08:20","guid":{"rendered":"https:\/\/int.kudem.com\/prof-dr-cinar-tebrik-ettiler-prof-dr-civelek"},"modified":"2024-05-02T14:15:26","modified_gmt":"2024-05-02T12:15:26","slug":"prof-dr-cinar-tebrik-ettiler-prof-dr-civelek","status":"publish","type":"post","link":"https:\/\/www.kudem.com\/tr\/prof-dr-cinar-tebrik-ettiler-prof-dr-civelek","title":{"rendered":"Prof. Dr. H\u00fcseyin \u0130lker \u00c7\u0131nar, Heidenheim Teknik \u00dcniversitesi\u2019nde profes\u00f6rl\u00fck kadrosu alarak anabilim dal\u0131 ba\u015fkan\u0131 olarak atanan Prof. Dr. Civelek\u2019i KUDEM\u2019de kabul ederek tebrik ettiler"},"content":{"rendered":"\n<p>Prof. Dr. H\u00fcseyin \u0130lker \u00c7\u0131nar, Heidenheim Teknik \u00dcniversitesi End\u00fcstri M\u00fchendisli\u011fi Fak\u00fcltesi\u2019nde profes\u00f6rl\u00fck kadrosu alarak anabilim dal\u0131 ba\u015fkan\u0131 olarak atanan Prof. Dr. Faruk Civelek\u2019i KUDEM\u2019de kabul ederek tebrik ettiler. \u00d6n\u00fcm\u00fczdeki y\u0131llarda hemen hemen her alanda pek \u00e7ok arkada\u015f\u0131m\u0131z\u0131n doktoralar\u0131n\u0131 ba\u015far\u0131yla bitirip akademik alanda bilim d\u00fcnyas\u0131na ve insanl\u0131\u011fa de\u011ferli katk\u0131lar sunaca\u011f\u0131n\u0131 ifade eden Prof. \u00c7\u0131nar, bu noktada aslonunan\u0131n zihin ve g\u00f6n\u00fcl birlikteli\u011finin kadim de\u011ferlerimiz etraf\u0131ndaki birlikteli\u011fi oldu\u011funu vurgulad\u0131lar. Kudem\u2019in bilim, sanat ve k\u00fclt\u00fcr \u00e7al\u0131\u015fmalar\u0131na verdi\u011fi aktif destekten dolay\u0131 Prof. Dr. Civelek\u2019e te\u015fekk\u00fcr eden Prof. Dr. \u00c7\u0131nar, ileri y\u00f6nelik bilimsel \u00e7al\u0131\u015fmalara ili\u015fkin g\u00f6r\u00fc\u015f al\u0131\u015f-veri\u015finde bulunup kendilerine g\u00fcn\u00fcn an\u0131s\u0131na \u0130fis-\u0130z yay\u0131nlar\u0131ndan \u00e7\u0131kan eserlerini hediye ettiler.<\/p>\n","protected":false},"excerpt":{"rendered":"<p>Prof. Dr. H\u00fcseyin \u0130lker \u00c7\u0131nar, Heidenheim Teknik \u00dcniversitesi End\u00fcstri M\u00fchendisli\u011fi Fak\u00fcltesi\u2019nde profes\u00f6rl\u00fck kadrosu alarak anabilim dal\u0131 ba\u015fkan\u0131 olarak atanan Prof. Dr. Faruk Civelek\u2019i KUDEM\u2019de kabul ederek tebrik ettiler. \u00d6n\u00fcm\u00fczdeki y\u0131llarda hemen hemen her alanda pek \u00e7ok arkada\u015f\u0131m\u0131z\u0131n doktoralar\u0131n\u0131 ba\u015far\u0131yla bitirip akademik alanda bilim d\u00fcnyas\u0131na ve insanl\u0131\u011fa de\u011ferli katk\u0131lar sunaca\u011f\u0131n\u0131 ifade eden Prof. \u00c7\u0131nar, bu noktada [&hellip;]<\/p>\n","protected":false},"author":2,"featured_media":11221,"comment_status":"closed","ping_status":"closed","sticky":false,"template":"","format":"standard","meta":{"footnotes":""},"categories":[37,3],"tags":[],"class_list":["post-11228","post","type-post","status-publish","format-standard","has-post-thumbnail","hentry","category-basin-bildirisi","category-genel"],"_links":{"self":[{"href":"https:\/\/www.kudem.com\/tr\/wp-json\/wp\/v2\/posts\/11228","targetHints":{"allow":["GET"]}}],"collection":[{"href":"https:\/\/www.kudem.com\/tr\/wp-json\/wp\/v2\/posts"}],"about":[{"href":"https:\/\/www.kudem.com\/tr\/wp-json\/wp\/v2\/types\/post"}],"author":[{"embeddable":true,"href":"https:\/\/www.kudem.com\/tr\/wp-json\/wp\/v2\/users\/2"}],"replies":[{"embeddable":true,"href":"https:\/\/www.kudem.com\/tr\/wp-json\/wp\/v2\/comments?post=11228"}],"version-history":[{"count":0,"href":"https:\/\/www.kudem.com\/tr\/wp-json\/wp\/v2\/posts\/11228\/revisions"}],"wp:featuredmedia":[{"embeddable":true,"href":"https:\/\/www.kudem.com\/tr\/wp-json\/wp\/v2\/media\/11221"}],"wp:attachment":[{"href":"https:\/\/www.kudem.com\/tr\/wp-json\/wp\/v2\/media?parent=11228"}],"wp:term":[{"taxonomy":"category","embeddable":true,"href":"https:\/\/www.kudem.com\/tr\/wp-json\/wp\/v2\/categories?post=11228"},{"taxonomy":"post_tag","embeddable":true,"href":"https:\/\/www.kudem.com\/tr\/wp-json\/wp\/v2\/tags?post=11228"}],"curies":[{"name":"wp","href":"https:\/\/api.w.org\/{rel}","templated":true}]}}