{"id":11634,"date":"2024-08-13T20:10:42","date_gmt":"2024-08-13T18:10:42","guid":{"rendered":"https:\/\/int.kudem.com\/tezhip-workshop-duzenlendi"},"modified":"2024-08-13T21:44:10","modified_gmt":"2024-08-13T19:44:10","slug":"tezhip-workshop-duzenlendi","status":"publish","type":"post","link":"https:\/\/www.kudem.com\/tr\/tezhip-workshop-duzenlendi","title":{"rendered":"KUDEM Tezhip workshop d\u00fczenlendi"},"content":{"rendered":"\n<p>11 A\u011fustos&#8217;ta KUDEM sanat at\u00f6lyesinde bir Tezhip \u00e7al\u0131\u015ftay\u0131 ger\u00e7ekle\u015ftirildi. Kat\u0131l\u0131mc\u0131lara KUDEM \u0130slam k\u00fct\u00fcphanesindeki kitaplar\u0131n aras\u0131ndaki atmosferde \u0130slam tezhip sanat\u0131na kapsaml\u0131 bir giri\u015f yap\u0131ld\u0131. <\/p>\n\n<p>Sanat ve k\u00fclt\u00fcrle ilgilenen 10 ki\u015finin kat\u0131ld\u0131\u011f\u0131 6 saatlik at\u00f6lye \u00e7al\u0131\u015fmas\u0131nda bu sanat\u0131n temelleri \u00f6\u011fretildi. Bunu, kat\u0131l\u0131mc\u0131lar\u0131n \u00e7izimleri nas\u0131l aktaracaklar\u0131n\u0131 ve boyama tekniklerini nas\u0131l uygulayacaklar\u0131n\u0131 \u00f6\u011frendikleri pratik \u00e7al\u0131\u015fmalar izledi. <\/p>\n\n<p>\u0130\u00e7ecek ve ikramlarla verilen k\u0131sa bir aradan sonra kat\u0131l\u0131mc\u0131lar ana projeye ge\u00e7tiler: haz\u0131rlanan bir motifi renklendirmek. Kat\u0131l\u0131mc\u0131lar, hem renklerin se\u00e7imi hem de istenen tonlar\u0131n kar\u0131\u015ft\u0131r\u0131lmas\u0131 konusunda destek ald\u0131lar. <\/p>\n\n<p>G\u00fcn\u00fcn sonunda, kat\u0131l\u0131mc\u0131lara KUDEM&#8217;in hedefleri ve projeleri hakk\u0131nda bir izlenim edinmeleri i\u00e7in Kudem binas\u0131nda bir tur d\u00fczenlendi.  E\u015fsiz hat ve ebru sanat\u0131 eserlerini i\u00e7eren KUDEM koleksiyonu ve 100.000&#8217;den fazla kitab\u0131 bar\u0131nd\u0131ran Avrupa&#8217;n\u0131n en b\u00fcy\u00fck ihtisas \u0130slam k\u00fct\u00fcphanesi tan\u0131t\u0131ld\u0131. &#13;\n&#13;\nKUDEM, baz\u0131lar\u0131 uzun mesafeler kat ederek gelen t\u00fcm kat\u0131l\u0131mc\u0131lara te\u015fekk\u00fcr eder.&#13;\n<\/p>\n","protected":false},"excerpt":{"rendered":"<p>11 A\u011fustos&#8217;ta KUDEM sanat at\u00f6lyesinde bir Tezhip \u00e7al\u0131\u015ftay\u0131 ger\u00e7ekle\u015ftirildi. Kat\u0131l\u0131mc\u0131lara KUDEM \u0130slam k\u00fct\u00fcphanesindeki kitaplar\u0131n aras\u0131ndaki atmosferde \u0130slam tezhip sanat\u0131na kapsaml\u0131 bir giri\u015f yap\u0131ld\u0131. Sanat ve k\u00fclt\u00fcrle ilgilenen 10 ki\u015finin kat\u0131ld\u0131\u011f\u0131 6 saatlik at\u00f6lye \u00e7al\u0131\u015fmas\u0131nda bu sanat\u0131n temelleri \u00f6\u011fretildi. Bunu, kat\u0131l\u0131mc\u0131lar\u0131n \u00e7izimleri nas\u0131l aktaracaklar\u0131n\u0131 ve boyama tekniklerini nas\u0131l uygulayacaklar\u0131n\u0131 \u00f6\u011frendikleri pratik \u00e7al\u0131\u015fmalar izledi. \u0130\u00e7ecek ve ikramlarla [&hellip;]<\/p>\n","protected":false},"author":2,"featured_media":11632,"comment_status":"closed","ping_status":"closed","sticky":false,"template":"","format":"standard","meta":{"footnotes":""},"categories":[3],"tags":[],"class_list":["post-11634","post","type-post","status-publish","format-standard","has-post-thumbnail","hentry","category-genel"],"_links":{"self":[{"href":"https:\/\/www.kudem.com\/tr\/wp-json\/wp\/v2\/posts\/11634","targetHints":{"allow":["GET"]}}],"collection":[{"href":"https:\/\/www.kudem.com\/tr\/wp-json\/wp\/v2\/posts"}],"about":[{"href":"https:\/\/www.kudem.com\/tr\/wp-json\/wp\/v2\/types\/post"}],"author":[{"embeddable":true,"href":"https:\/\/www.kudem.com\/tr\/wp-json\/wp\/v2\/users\/2"}],"replies":[{"embeddable":true,"href":"https:\/\/www.kudem.com\/tr\/wp-json\/wp\/v2\/comments?post=11634"}],"version-history":[{"count":0,"href":"https:\/\/www.kudem.com\/tr\/wp-json\/wp\/v2\/posts\/11634\/revisions"}],"wp:featuredmedia":[{"embeddable":true,"href":"https:\/\/www.kudem.com\/tr\/wp-json\/wp\/v2\/media\/11632"}],"wp:attachment":[{"href":"https:\/\/www.kudem.com\/tr\/wp-json\/wp\/v2\/media?parent=11634"}],"wp:term":[{"taxonomy":"category","embeddable":true,"href":"https:\/\/www.kudem.com\/tr\/wp-json\/wp\/v2\/categories?post=11634"},{"taxonomy":"post_tag","embeddable":true,"href":"https:\/\/www.kudem.com\/tr\/wp-json\/wp\/v2\/tags?post=11634"}],"curies":[{"name":"wp","href":"https:\/\/api.w.org\/{rel}","templated":true}]}}