{"id":13481,"date":"2025-10-03T18:13:01","date_gmt":"2025-10-03T16:13:01","guid":{"rendered":"https:\/\/www.kudem.com\/kudem-cibedo-heyetini-ve-hiristiyan-diyalog-gorevlilerini-misafir-kabul-etti"},"modified":"2025-10-03T21:14:15","modified_gmt":"2025-10-03T19:14:15","slug":"kudem-cibedo-heyetini-ve-hiristiyan-diyalog-gorevlilerini-misafir-kabul-etti","status":"publish","type":"post","link":"https:\/\/www.kudem.com\/tr\/kudem-cibedo-heyetini-ve-hiristiyan-diyalog-gorevlilerini-misafir-kabul-etti","title":{"rendered":"KUDEM, CIBEDO heyetini ve h\u0131ristiyan diyalog g\u00f6revlilerini misafir kabul etti"},"content":{"rendered":"\n<p>C\u0130BEDO (Alman Piskoposlar Konferans\u0131 Hristiyan-\u0130slam Diyalo\u011fu ve Belgeleme Merkezi) heyeti ve hiristiyan diyalog g\u00f6revlilerinin KUDEM\u2019e yapm\u0131\u015f olduklar\u0131 ziyaret \u00e7er\u00e7evesinde ger\u00e7ekle\u015fen bulu\u015fmada, Almanya\u2019n\u0131n farkl\u0131 piskoposluklar\u0131ndan gelen 24 ki\u015filik diyalog heyeti ile CIBEDO temsilcileri kurumumuzu ziyaret ettiler. Kat\u0131l\u0131mc\u0131lar aras\u0131nda Prof. Dr. Tobias Specker SJ, Prof. Dr. Wolfgang Reinbold, Dr. Alexander Kalbarczyk, Prof. Dr. phil. Dr. theol. habil. Bernhard Uhde ve Dr. Timo Ayta\u00e7 G\u00fczelmansur ve di\u011fer yetkililer yer ald\u0131.&#13;\n<\/p>\n\n<p>Kimi ziyaret\u00e7ilerin eserlerinden tan\u0131d\u0131\u011f\u0131 Prof. Dr. H\u00fcseyin \u0130lker \u00c7\u0131nar taraf\u0131ndan kurulan KUDEM ve KUDEM\u2019e ba\u011fl\u0131 kurumlar\u0131n \u0130slam&#8217;\u0131n ilim-irfan, estetik ve mistik boyutlar\u0131n\u0131 \u00f6ne \u00e7\u0131kararak y\u00fcr\u00fctt\u00fc\u011f\u00fc projeler tan\u0131t\u0131ld\u0131. <\/p>\n\n<p>KUDEM ve kurulu\u015flar\u0131n\u0131n yurt i\u00e7inde ve d\u0131\u015f\u0131nda hi\u00e7bir kurum ve kurulu\u015fla ba\u011flant\u0131l\u0131 olmaks\u0131z\u0131n, \u00fcyeleri d\u0131\u015f\u0131nda hi\u00e7bir yerden destek almaks\u0131z\u0131n, ilim-irfana dayal\u0131, hurafelerden uzak, Kur&#8217;an ve S\u00fcnnet temelli bir tasavvuf anlay\u0131\u015f\u0131na ba\u011fl\u0131 olarak insan\u0131m\u0131za ve insanl\u0131\u011fa hizmet etme amac\u0131nda ve derdinde oldu\u011fu vurguland\u0131. \u0130lgili toplant\u0131da Hristiyanl\u0131k ve \u0130slam\u2019\u0131n ortak y\u00f6nleri ve her iki dinin maneviyat\u0131na ili\u015fkin bak\u0131\u015f a\u00e7\u0131lar\u0131 ele al\u0131nd\u0131. Ayr\u0131ca gelece\u011fe y\u00f6nelik muhtemel i\u015f birlikleri de\u011ferlendirildi. <\/p>\n\n<p>Heyet, KUDEM koleksiyonunda bulunan e\u015fsiz \u0130slam hat-ebru sanat eserlerini, \u00e7ok dilli 50,000 eserin \u00fczerinde KUDEM \u00e7ocuk k\u00fct\u00fcphanesi ve Avrupa\u2019n\u0131n en b\u00fcy\u00fck bilimsel \u0130slam k\u00fct\u00fcphanesini \u2013 100,000\u2019ni a\u015fk\u0131n kitab\u0131yla \u2013 yerinde g\u00f6rme f\u0131rsat\u0131 buldu.&#13;\n<\/p>\n\n<p>Bu anlaml\u0131 ziyaret ve de\u011ferli katk\u0131lar\u0131ndan dolay\u0131 t\u00fcm kat\u0131l\u0131mc\u0131lara te\u015fekk\u00fcr ederiz.<\/p>\n\n<p><\/p>\n","protected":false},"excerpt":{"rendered":"<p>C\u0130BEDO (Alman Piskoposlar Konferans\u0131 Hristiyan-\u0130slam Diyalo\u011fu ve Belgeleme Merkezi) heyeti ve hiristiyan diyalog g\u00f6revlilerinin KUDEM\u2019e yapm\u0131\u015f olduklar\u0131 ziyaret \u00e7er\u00e7evesinde ger\u00e7ekle\u015fen bulu\u015fmada, Almanya\u2019n\u0131n farkl\u0131 piskoposluklar\u0131ndan gelen 24 ki\u015filik diyalog heyeti ile CIBEDO temsilcileri kurumumuzu ziyaret ettiler. Kat\u0131l\u0131mc\u0131lar aras\u0131nda Prof. Dr. Tobias Specker SJ, Prof. Dr. Wolfgang Reinbold, Dr. Alexander Kalbarczyk, Prof. Dr. phil. Dr. theol. habil. [&hellip;]<\/p>\n","protected":false},"author":2,"featured_media":13478,"comment_status":"closed","ping_status":"closed","sticky":false,"template":"","format":"standard","meta":{"footnotes":""},"categories":[26],"tags":[],"class_list":["post-13481","post","type-post","status-publish","format-standard","has-post-thumbnail","hentry","category-duyuru"],"_links":{"self":[{"href":"https:\/\/www.kudem.com\/tr\/wp-json\/wp\/v2\/posts\/13481","targetHints":{"allow":["GET"]}}],"collection":[{"href":"https:\/\/www.kudem.com\/tr\/wp-json\/wp\/v2\/posts"}],"about":[{"href":"https:\/\/www.kudem.com\/tr\/wp-json\/wp\/v2\/types\/post"}],"author":[{"embeddable":true,"href":"https:\/\/www.kudem.com\/tr\/wp-json\/wp\/v2\/users\/2"}],"replies":[{"embeddable":true,"href":"https:\/\/www.kudem.com\/tr\/wp-json\/wp\/v2\/comments?post=13481"}],"version-history":[{"count":0,"href":"https:\/\/www.kudem.com\/tr\/wp-json\/wp\/v2\/posts\/13481\/revisions"}],"wp:featuredmedia":[{"embeddable":true,"href":"https:\/\/www.kudem.com\/tr\/wp-json\/wp\/v2\/media\/13478"}],"wp:attachment":[{"href":"https:\/\/www.kudem.com\/tr\/wp-json\/wp\/v2\/media?parent=13481"}],"wp:term":[{"taxonomy":"category","embeddable":true,"href":"https:\/\/www.kudem.com\/tr\/wp-json\/wp\/v2\/categories?post=13481"},{"taxonomy":"post_tag","embeddable":true,"href":"https:\/\/www.kudem.com\/tr\/wp-json\/wp\/v2\/tags?post=13481"}],"curies":[{"name":"wp","href":"https:\/\/api.w.org\/{rel}","templated":true}]}}