{"id":4267,"date":"2026-02-02T15:34:58","date_gmt":"2026-02-02T14:34:58","guid":{"rendered":"https:\/\/kudem.apps-1and1.net\/berat-kandili"},"modified":"2026-02-02T15:43:28","modified_gmt":"2026-02-02T14:43:28","slug":"berat-kandili","status":"publish","type":"post","link":"https:\/\/www.kudem.com\/tr\/berat-kandili","title":{"rendered":"KUDEM, B\u00fct\u00fcn M\u00fcsl\u00fcmanlar\u0131n Berat Kandilini Tebrik Eder, Hay\u0131rl\u0131 ve Feyizli Bir Kandil Gecesi Diler"},"content":{"rendered":"<p>2 \u015eubat 2026, Pazartesi&#8217;yi Sal\u0131&#8217;ya ba\u011flayan gece m\u00fcbarek Berat Kandilini idr\u00e2k edece\u011fiz. Hicr\u00ee takvime g\u00f6re \u015eaban ay\u0131n\u0131n 14\u2019\u00fcn\u00fc 15\u2019ine ba\u011flayan bu gece, Cen\u00e2b-\u0131 Hakk\u2019\u0131n sonsuz \u015fefkat ve merhametinin co\u015ftu\u011fu ve ihlasl\u0131 bir \u015fekilde tevbe edip, O\u2019na y\u00f6nenenlerin ba\u011f\u0131\u015fland\u0131\u011f\u0131 k\u0131ymetli bir zaman dilimidir. Bu m\u00fcnasebetle t\u00fcm \u0130sl\u00e2m \u00e2leminin Berat Kandilini tebrik ediyor, bu engin rahmet ve ma\u011ffiret denizine gark olup affolunmam\u0131z i\u00e7in Hz. Rahman\u2019a (c.c.) dua ve niyaz ediyoruz.<\/p>\n\n\n<p>\u201cTemize \u00e7\u0131k\u0131p aklanma\u201d, \u201cceza veya sorumluluktan kurtulma\u201d gibi m\u00e2n\u00e2lara gelen \u201cberaat\u201d kelimesi, y\u00fcce Mevlam\u0131z\u0131n rahmet, l\u00fctuf ve ma\u011ffiretiyle tecell\u00ee ederek, kullar\u0131n\u0131n t\u00fcm g\u00fcnah ve hatalar\u0131n\u0131 affedip ba\u011f\u0131\u015flad\u0131\u011f\u0131n\u0131 ifade etmektedir. Bu gecede rahmet ve ma\u011ffiret kap\u0131lar\u0131n\u0131n ard\u0131na kadar araland\u0131\u011f\u0131n\u0131 haber veren Rasul-i Kibriya Efendimiz (s.a.v.), bu il\u00e2hi \u015fefkatin sonsuzlu\u011funu ve cehennemden azat edilenlerin say\u0131s\u0131n\u0131, en b\u00fcy\u00fck koyun s\u00fcr\u00fclerine sahip olan Ben\u00ee Kelb kab\u00eelesinin koyunlar\u0131n\u0131n t\u00fcylerin\u0131n say\u0131s\u0131 ile mukayese etmektedir. (Tirmiz\u00ee, Savm, 39).<\/p>\n\n\n\n<p>Rasulullah Efendimiz (s.a.v.) bu m\u00fcbarek geceyi nafile ibadetler, dualar ve uzun s\u00fcren secdelerle ihya eder, gecenin g\u00fcnd\u00fcz\u00fcnde ise oru\u00e7 tutarlard\u0131. Hadislerde rivayet olundu\u011fu \u00fczere sevgili Peygamberimiz (s.a.v.), \u00fcmmetine bu geceyi ayn\u0131 \u015fekilde ibadet ve taatle ge\u00e7irmeyi tavsiye etmi\u015ftir: \u201c\u015eaban ay\u0131n\u0131n on be\u015finci gecesi oldu\u011fu zaman, o gece ib\u00e2dete kalk\u0131n. Ve o gecenin g\u00fcnd\u00fcz\u00fcn\u00fc (on be\u015finci g\u00fcn\u00fc) oru\u00e7 tutunuz. \u00c7\u00fcnk\u00fc o gece g\u00fcne\u015f bat\u0131nca Allah Te\u00e2l\u00e2 d\u00fcnyaya en yak\u0131n g\u00f6\u011fe rahmeti ile tecelli eder, (o andan) fecir oluncaya kadar: \u00bbBenden ma\u011ffiret dileyen yok mu? Ona ma\u011ffiret edeyim. Benden r\u0131z\u0131k isteyen yok mu? Onu r\u0131z\u0131kland\u0131ray\u0131m. (Bir bel\u00e2 ile) m\u00fcptela olan yok mu? Ona afiyet vereyim (bel\u00e2dan kurtaray\u0131m)\u00ab buyurur.\u201d (\u0130bn M\u00e2ce, Ik\u00e2me, 191). <\/p>\n\n\n\n<p>Dolay\u0131s\u0131 ile bu faziletli geceyi bir f\u0131rsat olarak g\u00f6rmeli, b\u00fct\u00fcn hayat\u0131m\u0131z\u0131 ve ya\u015fant\u0131m\u0131z\u0131 muhasebeden ge\u00e7irip t\u00f6vbe ve isti\u011ffarlarla bilerek veya bilmeyerek i\u015fledi\u011fimiz t\u00fcm g\u00fcnah ve kusurlardan uzakla\u015fmaya \u00e7al\u0131\u015fmal\u0131y\u0131z. Y\u00fcce Rabbimiz, bu gayretlerimizin ba\u015far\u0131ya ula\u015fmas\u0131 i\u00e7in yard\u0131mc\u0131m\u0131z olsun ve bu m\u00fcbarek gecenin h\u00fcrmetine t\u00fcm insanl\u0131\u011fa bar\u0131\u015f ve huzur nasip etsin.<\/p>\n","protected":false},"excerpt":{"rendered":"<p>2 \u015eubat 2026, Pazartesi&#8217;yi Sal\u0131&#8217;ya ba\u011flayan gece m\u00fcbarek Berat Kandilini idr\u00e2k edece\u011fiz. Hicr\u00ee takvime g\u00f6re \u015eaban ay\u0131n\u0131n 14\u2019\u00fcn\u00fc 15\u2019ine ba\u011flayan bu gece, Cen\u00e2b-\u0131 Hakk\u2019\u0131n sonsuz \u015fefkat ve merhametinin co\u015ftu\u011fu ve ihlasl\u0131 bir \u015fekilde tevbe edip, O\u2019na y\u00f6nenenlerin ba\u011f\u0131\u015fland\u0131\u011f\u0131 k\u0131ymetli bir zaman dilimidir. Bu m\u00fcnasebetle t\u00fcm \u0130sl\u00e2m \u00e2leminin Berat Kandilini tebrik ediyor, bu engin rahmet ve [&hellip;]<\/p>\n","protected":false},"author":2,"featured_media":13805,"comment_status":"closed","ping_status":"closed","sticky":false,"template":"","format":"standard","meta":{"footnotes":""},"categories":[30],"tags":[83,84],"class_list":["post-4267","post","type-post","status-publish","format-standard","has-post-thumbnail","hentry","category-mesajlar","tag-berat-kandili","tag-kandil"],"_links":{"self":[{"href":"https:\/\/www.kudem.com\/tr\/wp-json\/wp\/v2\/posts\/4267","targetHints":{"allow":["GET"]}}],"collection":[{"href":"https:\/\/www.kudem.com\/tr\/wp-json\/wp\/v2\/posts"}],"about":[{"href":"https:\/\/www.kudem.com\/tr\/wp-json\/wp\/v2\/types\/post"}],"author":[{"embeddable":true,"href":"https:\/\/www.kudem.com\/tr\/wp-json\/wp\/v2\/users\/2"}],"replies":[{"embeddable":true,"href":"https:\/\/www.kudem.com\/tr\/wp-json\/wp\/v2\/comments?post=4267"}],"version-history":[{"count":0,"href":"https:\/\/www.kudem.com\/tr\/wp-json\/wp\/v2\/posts\/4267\/revisions"}],"wp:featuredmedia":[{"embeddable":true,"href":"https:\/\/www.kudem.com\/tr\/wp-json\/wp\/v2\/media\/13805"}],"wp:attachment":[{"href":"https:\/\/www.kudem.com\/tr\/wp-json\/wp\/v2\/media?parent=4267"}],"wp:term":[{"taxonomy":"category","embeddable":true,"href":"https:\/\/www.kudem.com\/tr\/wp-json\/wp\/v2\/categories?post=4267"},{"taxonomy":"post_tag","embeddable":true,"href":"https:\/\/www.kudem.com\/tr\/wp-json\/wp\/v2\/tags?post=4267"}],"curies":[{"name":"wp","href":"https:\/\/api.w.org\/{rel}","templated":true}]}}