{"id":5036,"date":"2020-06-23T16:55:00","date_gmt":"2020-06-23T14:55:00","guid":{"rendered":"https:\/\/www.kudem.com\/?p=5036"},"modified":"2022-05-08T02:10:54","modified_gmt":"2022-05-08T00:10:54","slug":"kudem-kutuphane-genisletilmesi","status":"publish","type":"post","link":"https:\/\/www.kudem.com\/tr\/kudem-kutuphane-genisletilmesi","title":{"rendered":"KUDEM ve \u0130F\u0130S&#038;\u0130Z: Avrupa\u2019n\u0131n en b\u00fcy\u00fck bilimsel \u0130sl\u00e2m k\u00fct\u00fcphanesinde \u00e7al\u0131\u015fmalar yo\u011fun bir \u015fekilde devam etmektedir"},"content":{"rendered":"\n<p>Avrupa\u2019n\u0131n en b\u00fcy\u00fck ilm\u00ee \u0130sl\u00e2m k\u00fct\u00fcphanesinin geni\u015fletilmesi y\u00f6n\u00fcndeki \u00e7al\u0131\u015fmalar, t\u00fcm olumsuz \u015fartlar ve zorluklara ra\u011fman a\u015fk ve kararl\u0131l\u0131kla s\u00fcrd\u00fcr\u00fclmektedir.\n\n10 y\u0131l \u00f6nce bizzat \u0130F\u0130S&amp;\u0130Z\u2019in kurucu ba\u015fkan\u0131 Say\u0131n Prof. Dr. H\u00fcseyin \u0130lker \u00c7\u0131nar g\u00f6zetiminde kurulan ve geni\u015fletilen bilimsel \u0130sl\u00e2m k\u00fct\u00fcphanesi, bug\u00fcne de\u011fin alt\u0131 dilde 70.000\u2019i a\u015fk\u0131n ilm\u00ee eseri envanterine kazand\u0131rm\u0131\u015ft\u0131r. Klasik ve modern eserleri b\u00fcnyesinde cem eden k\u00fct\u00fcphanemiz, Tefsir, Hadis, F\u0131k\u0131h, Akaid, Kelam, Siret, \u0130slam Tarihi, Tasavvuf, Ahl\u00e2k E\u011fitimi gibi temel \u0130slam bilimlerinin t\u00fcm alanlar\u0131n\u0131 i\u00e7ermektedir.\n\nYa\u015fan\u0131lan zorlu s\u00fcrece ra\u011fmen belirlenmi\u015f olan 100.000 bilimsel eserin temin edilmesi hedefine y\u00f6nelik s\u00fcrd\u00fcr\u00fclen \u00e7al\u0131\u015fmalar devam etmektedir. Bu ba\u011flamda yap\u0131lan son \u00e7al\u0131\u015fmalarda, yakla\u015f\u0131k 40.000 eser, alan\u0131na g\u00f6re alfabetik bir \u015fekilde d\u00fczenlenerek raflardaki yerini ald\u0131. Bir yandan kitaplar sistemden aranmas\u0131 halinde bulunmas\u0131 m\u00fcmk\u00fcn olacak \u015fekilde d\u00fczenlenirken di\u011fer yandan temin edilecek olan yeni ilm\u00ee eserlerin listesi de olu\u015fturulmaktad\u0131r.\n\nAvrupa\u2019n\u0131n en b\u00fcy\u00fck bilimsel \u0130slam k\u00fct\u00fcphanesinin olu\u015fturulmas\u0131 projesi, KUDEM (Avrupa M\u00fcsl\u00fcmanlar\u0131 K\u00fclt\u00fcrevi) taraf\u0131ndan desteklenmektedir. Sivil ve ba\u011f\u0131ms\u0131z kurulu\u015flar olarak faaliyet g\u00f6steren \u0130F\u0130S&amp;\u0130Z ve KUDEM, bu k\u0131ymetli projeyi kendi kararl\u0131 inisiyatifi ve \u00fcyelerinin hedefe odakl\u0131 gayretleriyle ger\u00e7ekle\u015ftirirken, herhangi kurum ve kurulu\u015ftan hi\u00e7bir maddi destek almamaktad\u0131rlar. Bu vesileyle yap\u0131lan faaliyet ve \u00e7al\u0131\u015fmalara destek olan ve olacak olan herkese \u015f\u00fckranlar\u0131m\u0131z\u0131 sunar, yap\u0131lan bu ve di\u011fer \u00e7al\u0131\u015fmalar\u0131m\u0131z\u0131n, insanl\u0131\u011f\u0131n hayr\u0131na y\u00f6nelik olup hazret-i Allah\u2019\u0131n r\u0131zas\u0131na ermemize vesile olmas\u0131n\u0131 Cen\u00e2b-\u0131 Hakk\u2019tan niyaz ederiz.<\/p>\n","protected":false},"excerpt":{"rendered":"<p>Avrupa\u2019n\u0131n en b\u00fcy\u00fck ilm\u00ee \u0130sl\u00e2m k\u00fct\u00fcphanesinin geni\u015fletilmesi y\u00f6n\u00fcndeki \u00e7al\u0131\u015fmalar, t\u00fcm olumsuz \u015fartlar ve zorluklara ra\u011fman a\u015fk ve kararl\u0131l\u0131kla s\u00fcrd\u00fcr\u00fclmektedir. 10 y\u0131l \u00f6nce bizzat \u0130F\u0130S&amp;\u0130Z\u2019in kurucu ba\u015fkan\u0131 Say\u0131n Prof. Dr. H\u00fcseyin \u0130lker \u00c7\u0131nar g\u00f6zetiminde kurulan ve geni\u015fletilen bilimsel \u0130sl\u00e2m k\u00fct\u00fcphanesi, bug\u00fcne de\u011fin alt\u0131 dilde 70.000\u2019i a\u015fk\u0131n ilm\u00ee eseri envanterine kazand\u0131rm\u0131\u015ft\u0131r. Klasik ve modern eserleri b\u00fcnyesinde cem [&hellip;]<\/p>\n","protected":false},"author":6,"featured_media":0,"comment_status":"closed","ping_status":"closed","sticky":false,"template":"","format":"standard","meta":{"footnotes":""},"categories":[3],"tags":[],"class_list":["post-5036","post","type-post","status-publish","format-standard","hentry","category-genel"],"_links":{"self":[{"href":"https:\/\/www.kudem.com\/tr\/wp-json\/wp\/v2\/posts\/5036","targetHints":{"allow":["GET"]}}],"collection":[{"href":"https:\/\/www.kudem.com\/tr\/wp-json\/wp\/v2\/posts"}],"about":[{"href":"https:\/\/www.kudem.com\/tr\/wp-json\/wp\/v2\/types\/post"}],"author":[{"embeddable":true,"href":"https:\/\/www.kudem.com\/tr\/wp-json\/wp\/v2\/users\/6"}],"replies":[{"embeddable":true,"href":"https:\/\/www.kudem.com\/tr\/wp-json\/wp\/v2\/comments?post=5036"}],"version-history":[{"count":0,"href":"https:\/\/www.kudem.com\/tr\/wp-json\/wp\/v2\/posts\/5036\/revisions"}],"wp:attachment":[{"href":"https:\/\/www.kudem.com\/tr\/wp-json\/wp\/v2\/media?parent=5036"}],"wp:term":[{"taxonomy":"category","embeddable":true,"href":"https:\/\/www.kudem.com\/tr\/wp-json\/wp\/v2\/categories?post=5036"},{"taxonomy":"post_tag","embeddable":true,"href":"https:\/\/www.kudem.com\/tr\/wp-json\/wp\/v2\/tags?post=5036"}],"curies":[{"name":"wp","href":"https:\/\/api.w.org\/{rel}","templated":true}]}}