{"id":762,"date":"2018-01-27T22:41:51","date_gmt":"2018-01-27T21:41:51","guid":{"rendered":"https:\/\/kudem.apps-1and1.net\/?p=762"},"modified":"2020-05-18T11:03:35","modified_gmt":"2020-05-18T09:03:35","slug":"taziye-mesaji-3","status":"publish","type":"post","link":"https:\/\/www.kudem.com\/tr\/taziye-mesaji-3","title":{"rendered":"Taziye Mesaj\u0131"},"content":{"rendered":"<p style=\"text-align: center;\">\u0625\u0650\u0646\u064e\u0651\u0627 \u0644\u0650\u0644\u0651\u0647\u0650 \u0648\u064e\u0625\u0650\u0646\u064e\u0651\u0627 \u0625\u0650\u0644\u064e\u064a\u0652\u0647\u0650 \u0631\u064e\u0627\u062c\u0650\u0639\u064f\u0648\u0646\u064e<br \/>\n&#8220;\u015e\u00fcphesiz ki, Allah&#8217;dan (c.c.) geldik ve d\u00f6n\u00fc\u015f\u00fcm\u00fcz \u015f\u00fcphesiz ki, O&#8217;nad\u0131r.&#8221;<\/p>\n<p>KUDEM&#8217;in kurucu \u00fcyelerinden ve y\u00f6neticelerinden say\u0131n Mehmet Yarar ve say\u0131n Hakan Yarar Beylerin muhterem anneleri Fatma Yarar Han\u0131mefendi Cuma g\u00fcn\u00fc Hakk\u2019a y\u00fcr\u00fcm\u00fc\u015ft\u00fcr. Kederli ailesine ve yak\u0131nlar\u0131na sabr-\u0131 cemil niyaz ederiz. Mak\u00e2m\u0131 \u00e2li, mekan\u0131 cennet olsun. Rahm\u00e2n ve Rah\u00eem olan Mevl\u00e2m\u0131z affeyleyip, ba\u011f\u0131\u015flas\u0131n. (Amin)<\/p>\n","protected":false},"excerpt":{"rendered":"<p>\u0625\u0650\u0646\u064e\u0651\u0627 \u0644\u0650\u0644\u0651\u0647\u0650 \u0648\u064e\u0625\u0650\u0646\u064e\u0651\u0627 \u0625\u0650\u0644\u064e\u064a\u0652\u0647\u0650 \u0631\u064e\u0627\u062c\u0650\u0639\u064f\u0648\u0646\u064e &#8220;\u015e\u00fcphesiz ki, Allah&#8217;dan (c.c.) geldik ve d\u00f6n\u00fc\u015f\u00fcm\u00fcz \u015f\u00fcphesiz ki, O&#8217;nad\u0131r.&#8221; KUDEM&#8217;in kurucu \u00fcyelerinden ve y\u00f6neticelerinden say\u0131n Mehmet Yarar ve say\u0131n Hakan Yarar Beylerin muhterem anneleri Fatma Yarar Han\u0131mefendi Cuma g\u00fcn\u00fc Hakk\u2019a y\u00fcr\u00fcm\u00fc\u015ft\u00fcr. Kederli ailesine ve yak\u0131nlar\u0131na sabr-\u0131 cemil niyaz ederiz. Mak\u00e2m\u0131 \u00e2li, mekan\u0131 cennet olsun. Rahm\u00e2n ve Rah\u00eem olan Mevl\u00e2m\u0131z [&hellip;]<\/p>\n","protected":false},"author":2,"featured_media":248,"comment_status":"closed","ping_status":"closed","sticky":false,"template":"","format":"standard","meta":{"footnotes":""},"categories":[103],"tags":[],"class_list":["post-762","post","type-post","status-publish","format-standard","has-post-thumbnail","hentry","category-taziye-mesaji"],"_links":{"self":[{"href":"https:\/\/www.kudem.com\/tr\/wp-json\/wp\/v2\/posts\/762","targetHints":{"allow":["GET"]}}],"collection":[{"href":"https:\/\/www.kudem.com\/tr\/wp-json\/wp\/v2\/posts"}],"about":[{"href":"https:\/\/www.kudem.com\/tr\/wp-json\/wp\/v2\/types\/post"}],"author":[{"embeddable":true,"href":"https:\/\/www.kudem.com\/tr\/wp-json\/wp\/v2\/users\/2"}],"replies":[{"embeddable":true,"href":"https:\/\/www.kudem.com\/tr\/wp-json\/wp\/v2\/comments?post=762"}],"version-history":[{"count":0,"href":"https:\/\/www.kudem.com\/tr\/wp-json\/wp\/v2\/posts\/762\/revisions"}],"wp:featuredmedia":[{"embeddable":true,"href":"https:\/\/www.kudem.com\/tr\/wp-json\/wp\/v2\/media\/248"}],"wp:attachment":[{"href":"https:\/\/www.kudem.com\/tr\/wp-json\/wp\/v2\/media?parent=762"}],"wp:term":[{"taxonomy":"category","embeddable":true,"href":"https:\/\/www.kudem.com\/tr\/wp-json\/wp\/v2\/categories?post=762"},{"taxonomy":"post_tag","embeddable":true,"href":"https:\/\/www.kudem.com\/tr\/wp-json\/wp\/v2\/tags?post=762"}],"curies":[{"name":"wp","href":"https:\/\/api.w.org\/{rel}","templated":true}]}}