{"id":844,"date":"2026-03-09T15:04:59","date_gmt":"2026-03-09T14:04:59","guid":{"rendered":"https:\/\/kudem.apps-1and1.net\/?p=844"},"modified":"2025-03-20T17:23:41","modified_gmt":"2025-03-20T16:23:41","slug":"itikaf","status":"publish","type":"post","link":"https:\/\/www.kudem.com\/tr\/itikaf","title":{"rendered":"KUDEM, Ramazan ay\u0131n\u0131n son on g\u00fcn\u00fcnde manev\u00ee ve ruh\u00ee ar\u0131nman\u0131n di\u011fer ad\u0131 olan \u0130T\u0130KAF\u2019\u0131 hasret ve i\u015ftiyakla kar\u015f\u0131lar"},"content":{"rendered":"<p>S\u00f6zl\u00fck anlam\u0131 itibariyle \u201cbir \u015feye devam etmek, bir \u015fey&#8217;i bekleyip durmak\u201d gibi anlamlar\u0131 b\u00fcnyesinde bar\u0131ndan itik\u00e2f kelimesi, \u0131st\u0131l\u00e2h\u00ee olarak \u201coru\u00e7lu olarak ibadet amac\u0131yla ve namaz k\u0131l\u0131nan herhangi bir yerde kalmay\u0131\u201d ifade etmektedir. Hazret-i Allah\u2019\u0131n kullar\u0131na bir rahmet olarak lutfetti\u011fi itik\u00e2f ibadeti, kulun d\u00fcnyan\u0131n her t\u00fcrl\u00fc me\u015fgalesinden s\u0131yr\u0131l\u0131p Rabbine b\u00fct\u00fcn varl\u0131yla y\u00f6nelmesi i\u00e7in ka\u00e7\u0131n\u0131lmaz bir f\u0131rsat te\u015fkil etmektedir. Nitekim pek \u00e7ok rivayetlerde Cenab-\u0131 Hakk\u2019\u0131n sevgisini kazanman\u0131n kendisine t\u00e2bi olmaktan ge\u00e7ti\u011fi Peygamber-i Z\u00ee\u015f\u00e2n Efendimiz\u2019\u0131n (s.a.v.) m\u00fcbarek Kadir Gecesini aramak \u00fczere itik\u00e2fa girdi\u011fi zikredilmekte ve bu feyizli ibadetin s\u00fcnnet-i m\u00fcekkede oldu\u011fu ifade edilmektedir.<\/p>\n<p>Allah\u2019\u0131n l\u00fctfu ve keremiyle bu y\u0131l bu feyizli iklime Mart ay\u0131n\u0131n 19\u2019\u00fcnc\u00fc g\u00fcn\u00fc itibariyle girmi\u015f olaca\u011f\u0131z. Bu vesileyle KUDEM , t\u00fcm m\u00fcsl\u00fcmanlar\u0131n bu sevincine i\u015ftirak eder ve m\u00fcbarek Ramazan ay\u0131n\u0131n bu son on g\u00fcn\u00fcn\u00fcn tekli gecelerinde gizli olan ve bin aydan daha hay\u0131rl\u0131 oldu\u011fu ifade edilen Kadir gecesini tebrik eder.<\/p>\n<p>Bu feyizli zaman dilimini en verimli \u015fekilde de\u011ferlendirme sadedinde Hab\u00eeb-i Kibriy\u00e2 Efendimiz (s.a.v.) cemaatle namaz k\u0131l\u0131nmas\u0131n\u0131 (bkz. Muvatta, \u0130tikaf, 17) ve bol bol Kur\u2019\u00e2n-\u0131 Ker\u00eem\u2019in okunmas\u0131n\u0131 tavsiye etmi\u015flerdir. \u0130nanlar i\u00e7in en g\u00fczel \u00f6rnek konumunda olan Hz. Peygamber Efendimiz (s.a.v.) bu bereketli s\u00fcre zarf\u0131nda ne denli hassas davrand\u0131\u011f\u0131n\u0131 ve sunulan bu manevi ikramlardan m\u00fcmk\u00fcn mertebe istifade etme hususunda \u00e2z\u00e2mi gayret g\u00f6sterilmesi gerekti\u011fini Hz. \u00c2i\u015fe v\u00e2lidemiz (r.a.) \u015fu ifadelerle dile getirmektedir: <em>&#8220;Hz. Peygamber (s.a.v.), Ramazan\u2019\u0131n son on g\u00fcn\u00fcnde ibadet ve kulluk i\u00e7in g\u00f6sterdi\u011fi gayreti ba\u015fka zamanlarda g\u00f6stermezdi&#8221; ve &#8220;Hz. Peygamber (s.a.v.), Ramazan\u2019\u0131n son on g\u00fcn\u00fc girince gecelerini de\u011ferlendirmek i\u00e7in ciddi bir gayret i\u00e7erisine girer ve aile fertlerini de uyar\u0131rd\u0131&#8221;<\/em> (bkz. Eb\u00fb D\u00e2vud, Sal\u00e2t, 318; Tirmiz\u00ee, Savm, 73).<\/p>\n<p>Unutulmaya y\u00fcz tutmu\u015f bir s\u00fcnneti ihy\u00e2 edip ya\u015fatan kimsenin Mahb\u00fbb-u H\u00fcd\u00e2 Efendimizi (sav) sevmi\u015f olaca\u011f\u0131 ve O\u2019nunla birlikte cennette beraber olaca\u011f\u0131 (bkz. Tirmizi, S\u00fcnen, \u0130lim, 39\/16) m\u00fcjdesine n\u00e2il olmak dile\u011fiyle Y\u00fcce Mevl\u00e2\u2019dan bizleri, itik\u00e2f ibadetini hakk\u0131yla yerine getirerek Z\u00e2t\u0131na yakla\u015fanlardan eylemesini, bu s\u00fcnneti ya\u015fayarak bug\u00fcne kadar getiren Sah\u00e2be-i kir\u00e2m Efendilerimizi (r.a.) nas\u0131l bereketlendirmi\u015f ise bizi ve nesillerimizi de \u00f6yle bereketlendirmesini niyaz eder, bu m\u00fcbarek g\u00fcn ve gecelerin b\u00fct\u00fcn insanl\u0131\u011fa bar\u0131\u015f, sevgi, karde\u015flik ve esenlik getirmesini temenni ederiz.<\/p>\n","protected":false},"excerpt":{"rendered":"<p>S\u00f6zl\u00fck anlam\u0131 itibariyle \u201cbir \u015feye devam etmek, bir \u015fey&#8217;i bekleyip durmak\u201d gibi anlamlar\u0131 b\u00fcnyesinde bar\u0131ndan itik\u00e2f kelimesi, \u0131st\u0131l\u00e2h\u00ee olarak \u201coru\u00e7lu olarak ibadet amac\u0131yla ve namaz k\u0131l\u0131nan herhangi bir yerde kalmay\u0131\u201d ifade etmektedir. Hazret-i Allah\u2019\u0131n kullar\u0131na bir rahmet olarak lutfetti\u011fi itik\u00e2f ibadeti, kulun d\u00fcnyan\u0131n her t\u00fcrl\u00fc me\u015fgalesinden s\u0131yr\u0131l\u0131p Rabbine b\u00fct\u00fcn varl\u0131yla y\u00f6nelmesi i\u00e7in ka\u00e7\u0131n\u0131lmaz bir f\u0131rsat [&hellip;]<\/p>\n","protected":false},"author":2,"featured_media":13924,"comment_status":"closed","ping_status":"closed","sticky":false,"template":"","format":"standard","meta":{"footnotes":""},"categories":[30],"tags":[],"class_list":["post-844","post","type-post","status-publish","format-standard","has-post-thumbnail","hentry","category-mesajlar"],"_links":{"self":[{"href":"https:\/\/www.kudem.com\/tr\/wp-json\/wp\/v2\/posts\/844","targetHints":{"allow":["GET"]}}],"collection":[{"href":"https:\/\/www.kudem.com\/tr\/wp-json\/wp\/v2\/posts"}],"about":[{"href":"https:\/\/www.kudem.com\/tr\/wp-json\/wp\/v2\/types\/post"}],"author":[{"embeddable":true,"href":"https:\/\/www.kudem.com\/tr\/wp-json\/wp\/v2\/users\/2"}],"replies":[{"embeddable":true,"href":"https:\/\/www.kudem.com\/tr\/wp-json\/wp\/v2\/comments?post=844"}],"version-history":[{"count":0,"href":"https:\/\/www.kudem.com\/tr\/wp-json\/wp\/v2\/posts\/844\/revisions"}],"wp:featuredmedia":[{"embeddable":true,"href":"https:\/\/www.kudem.com\/tr\/wp-json\/wp\/v2\/media\/13924"}],"wp:attachment":[{"href":"https:\/\/www.kudem.com\/tr\/wp-json\/wp\/v2\/media?parent=844"}],"wp:term":[{"taxonomy":"category","embeddable":true,"href":"https:\/\/www.kudem.com\/tr\/wp-json\/wp\/v2\/categories?post=844"},{"taxonomy":"post_tag","embeddable":true,"href":"https:\/\/www.kudem.com\/tr\/wp-json\/wp\/v2\/tags?post=844"}],"curies":[{"name":"wp","href":"https:\/\/api.w.org\/{rel}","templated":true}]}}