{"id":8661,"date":"2022-09-04T17:29:17","date_gmt":"2022-09-04T15:29:17","guid":{"rendered":"https:\/\/int.kudem.com\/taziye-omer-tugrul-inancer-hocaefendi"},"modified":"2022-09-04T17:38:00","modified_gmt":"2022-09-04T15:38:00","slug":"taziye-inancer","status":"publish","type":"post","link":"https:\/\/www.kudem.com\/tr\/taziye-inancer","title":{"rendered":"KUDEM, muhterem \u00d6mer Tu\u011frul \u0130nan\u00e7er\u2019in vefat\u0131 dolay\u0131s\u0131yla taziyelerini sunar."},"content":{"rendered":"\n<p>\u0625\u0650\u0646\u064e\u0651\u0627 \u0644\u0650\u0644\u0651\u0647\u0650 \u0648\u064e\u0625\u0650\u0646\u064e\u0651\u0627 \u0625\u0650\u0644\u064e\u064a\u0652\u0647\u0650 \u0631\u064e\u0627\u062c\u0650\u0639\u064f\u0648\u0646\u064e<\/p>\n\n<p>\u201c\u015e\u00fcphesiz ki, Allah\u2019dan (c.c.) geldik ve d\u00f6n\u00fc\u015f\u00fcm\u00fcz \u015f\u00fcphesiz ki, O\u2019nad\u0131r.\u201d<\/p>\n\n<p>Muhterem \u00d6mer Tu\u011frul \u0130nan\u00e7er Hocaefendi\u2019nin d\u00fcn gece rahmet-i Rahman\u2019a kavu\u015ftu\u011funu derin bir teess\u00fcrle \u00f6\u011frenmi\u015f bulunmaktay\u0131z.&#13;\nBu m\u00fcnasebetle k\u0131ymetli \u00d6mer Tu\u011frul \u0130nan\u00e7er\u2019e Cenab-\u0131 Hakk\u2019tan rahmet ve ma\u011ffiret niyaz eder, ba\u015fta ailesi olmak \u00fczere talebelerine ve t\u00fcm sevenlerine sabr-\u0131 cemil dileriz.<\/p>\n","protected":false},"excerpt":{"rendered":"<p>\u0625\u0650\u0646\u064e\u0651\u0627 \u0644\u0650\u0644\u0651\u0647\u0650 \u0648\u064e\u0625\u0650\u0646\u064e\u0651\u0627 \u0625\u0650\u0644\u064e\u064a\u0652\u0647\u0650 \u0631\u064e\u0627\u062c\u0650\u0639\u064f\u0648\u0646\u064e \u201c\u015e\u00fcphesiz ki, Allah\u2019dan (c.c.) geldik ve d\u00f6n\u00fc\u015f\u00fcm\u00fcz \u015f\u00fcphesiz ki, O\u2019nad\u0131r.\u201d Muhterem \u00d6mer Tu\u011frul \u0130nan\u00e7er Hocaefendi\u2019nin d\u00fcn gece rahmet-i Rahman\u2019a kavu\u015ftu\u011funu derin bir teess\u00fcrle \u00f6\u011frenmi\u015f bulunmaktay\u0131z.&#13; Bu m\u00fcnasebetle k\u0131ymetli \u00d6mer Tu\u011frul \u0130nan\u00e7er\u2019e Cenab-\u0131 Hakk\u2019tan rahmet ve ma\u011ffiret niyaz eder, ba\u015fta ailesi olmak \u00fczere talebelerine ve t\u00fcm sevenlerine sabr-\u0131 cemil dileriz.<\/p>\n","protected":false},"author":2,"featured_media":8658,"comment_status":"closed","ping_status":"closed","sticky":false,"template":"","format":"standard","meta":{"footnotes":""},"categories":[103],"tags":[],"class_list":["post-8661","post","type-post","status-publish","format-standard","has-post-thumbnail","hentry","category-taziye-mesaji"],"_links":{"self":[{"href":"https:\/\/www.kudem.com\/tr\/wp-json\/wp\/v2\/posts\/8661","targetHints":{"allow":["GET"]}}],"collection":[{"href":"https:\/\/www.kudem.com\/tr\/wp-json\/wp\/v2\/posts"}],"about":[{"href":"https:\/\/www.kudem.com\/tr\/wp-json\/wp\/v2\/types\/post"}],"author":[{"embeddable":true,"href":"https:\/\/www.kudem.com\/tr\/wp-json\/wp\/v2\/users\/2"}],"replies":[{"embeddable":true,"href":"https:\/\/www.kudem.com\/tr\/wp-json\/wp\/v2\/comments?post=8661"}],"version-history":[{"count":0,"href":"https:\/\/www.kudem.com\/tr\/wp-json\/wp\/v2\/posts\/8661\/revisions"}],"wp:featuredmedia":[{"embeddable":true,"href":"https:\/\/www.kudem.com\/tr\/wp-json\/wp\/v2\/media\/8658"}],"wp:attachment":[{"href":"https:\/\/www.kudem.com\/tr\/wp-json\/wp\/v2\/media?parent=8661"}],"wp:term":[{"taxonomy":"category","embeddable":true,"href":"https:\/\/www.kudem.com\/tr\/wp-json\/wp\/v2\/categories?post=8661"},{"taxonomy":"post_tag","embeddable":true,"href":"https:\/\/www.kudem.com\/tr\/wp-json\/wp\/v2\/tags?post=8661"}],"curies":[{"name":"wp","href":"https:\/\/api.w.org\/{rel}","templated":true}]}}