{"id":8901,"date":"2022-11-22T13:51:03","date_gmt":"2022-11-22T12:51:03","guid":{"rendered":"https:\/\/int.kudem.com\/taziye-rasit-kucuk"},"modified":"2022-11-22T16:53:28","modified_gmt":"2022-11-22T15:53:28","slug":"taziye-rasit-kucuk","status":"publish","type":"post","link":"https:\/\/www.kudem.com\/tr\/taziye-rasit-kucuk","title":{"rendered":"KUDEM, de\u011ferli ilim adam\u0131 Prof. Dr. Ra\u015fit K\u00fc\u00e7\u00fck Hocam\u0131z\u0131n vefat\u0131 dolay\u0131s\u0131yla taziyelerini sunar"},"content":{"rendered":"\n<p>\u0625\u0650\u0646\u064e\u0651\u0627 \u0644\u0650\u0644\u0651\u0647\u0650 \u0648\u064e\u0625\u0650\u0646\u064e\u0651\u0627 \u0625\u0650\u0644\u064e\u064a\u0652\u0647\u0650 \u0631\u064e\u0627\u062c\u0650\u0639\u064f\u0648\u0646\u064e<\/p>\n\n<p>KUDEM\u2019in \u00e7al\u0131\u015fmalar\u0131na her daim katk\u0131da bulunan ve \u0130F\u0130S&amp;\u0130Z\u2019in (\u0130slam Ara\u015ft\u0131rmalar\u0131 ve K\u00fclt\u00fcrleraras\u0131 \u0130\u015fbirli\u011fi Enstit\u00fcs\u00fc) bilim heyeti \u00fcyesi olan de\u011ferli ilim adam\u0131 Prof. Dr. Ra\u015fit K\u00fc\u00e7\u00fck Hocam\u0131z\u0131n d\u00fcn gece rahmet-i Rahman\u2019a kavu\u015ftu\u011funu derin bir teess\u00fcrle \u00f6\u011frenmi\u015f bulunmaktay\u0131z. <\/p>\n\n<p>Bu m\u00fcnasebetle k\u0131ymetli Prof. Dr. Ra\u015fit K\u00fc\u00e7\u00fck\u2019e Cenab-\u0131 Hakk\u2019tan rahmet ve ma\u011ffiret niyaz eder, ba\u015fta ailesi olmak \u00fczere t\u00fcm sevenlerine sabr-\u0131 cemil dileriz.<\/p>\n","protected":false},"excerpt":{"rendered":"<p>\u0625\u0650\u0646\u064e\u0651\u0627 \u0644\u0650\u0644\u0651\u0647\u0650 \u0648\u064e\u0625\u0650\u0646\u064e\u0651\u0627 \u0625\u0650\u0644\u064e\u064a\u0652\u0647\u0650 \u0631\u064e\u0627\u062c\u0650\u0639\u064f\u0648\u0646\u064e KUDEM\u2019in \u00e7al\u0131\u015fmalar\u0131na her daim katk\u0131da bulunan ve \u0130F\u0130S&amp;\u0130Z\u2019in (\u0130slam Ara\u015ft\u0131rmalar\u0131 ve K\u00fclt\u00fcrleraras\u0131 \u0130\u015fbirli\u011fi Enstit\u00fcs\u00fc) bilim heyeti \u00fcyesi olan de\u011ferli ilim adam\u0131 Prof. Dr. Ra\u015fit K\u00fc\u00e7\u00fck Hocam\u0131z\u0131n d\u00fcn gece rahmet-i Rahman\u2019a kavu\u015ftu\u011funu derin bir teess\u00fcrle \u00f6\u011frenmi\u015f bulunmaktay\u0131z. Bu m\u00fcnasebetle k\u0131ymetli Prof. Dr. Ra\u015fit K\u00fc\u00e7\u00fck\u2019e Cenab-\u0131 Hakk\u2019tan rahmet ve ma\u011ffiret niyaz eder, [&hellip;]<\/p>\n","protected":false},"author":2,"featured_media":8898,"comment_status":"closed","ping_status":"closed","sticky":false,"template":"","format":"standard","meta":{"footnotes":""},"categories":[3],"tags":[],"class_list":["post-8901","post","type-post","status-publish","format-standard","has-post-thumbnail","hentry","category-genel"],"_links":{"self":[{"href":"https:\/\/www.kudem.com\/tr\/wp-json\/wp\/v2\/posts\/8901","targetHints":{"allow":["GET"]}}],"collection":[{"href":"https:\/\/www.kudem.com\/tr\/wp-json\/wp\/v2\/posts"}],"about":[{"href":"https:\/\/www.kudem.com\/tr\/wp-json\/wp\/v2\/types\/post"}],"author":[{"embeddable":true,"href":"https:\/\/www.kudem.com\/tr\/wp-json\/wp\/v2\/users\/2"}],"replies":[{"embeddable":true,"href":"https:\/\/www.kudem.com\/tr\/wp-json\/wp\/v2\/comments?post=8901"}],"version-history":[{"count":0,"href":"https:\/\/www.kudem.com\/tr\/wp-json\/wp\/v2\/posts\/8901\/revisions"}],"wp:featuredmedia":[{"embeddable":true,"href":"https:\/\/www.kudem.com\/tr\/wp-json\/wp\/v2\/media\/8898"}],"wp:attachment":[{"href":"https:\/\/www.kudem.com\/tr\/wp-json\/wp\/v2\/media?parent=8901"}],"wp:term":[{"taxonomy":"category","embeddable":true,"href":"https:\/\/www.kudem.com\/tr\/wp-json\/wp\/v2\/categories?post=8901"},{"taxonomy":"post_tag","embeddable":true,"href":"https:\/\/www.kudem.com\/tr\/wp-json\/wp\/v2\/tags?post=8901"}],"curies":[{"name":"wp","href":"https:\/\/api.w.org\/{rel}","templated":true}]}}