{"id":9129,"date":"2023-02-06T10:29:13","date_gmt":"2023-02-06T09:29:13","guid":{"rendered":"https:\/\/int.kudem.com\/kudem-kahramanmaras-deprem"},"modified":"2023-02-06T17:44:59","modified_gmt":"2023-02-06T16:44:59","slug":"kahramanmaras-deprem","status":"publish","type":"post","link":"https:\/\/www.kudem.com\/tr\/kahramanmaras-deprem","title":{"rendered":"KUDEM: Kahramanmara\u015f ve \u00e7evre \u0130llerdeki Deprem Dolay\u0131s\u0131yla Taziye Mesaj\u0131"},"content":{"rendered":"\n<p>Merkez \u00fcss\u00fc Kahramanmara\u015f\u2019\u0131n Pazarc\u0131k \u0130l\u00e7esi olan ve \u00e7evre illerde de hissedilen depremde can kay\u0131plar\u0131n\u0131n ve yaral\u0131lar\u0131n oldu\u011funu derin bir \u00fcz\u00fcnt\u00fc ile \u00f6\u011frenmi\u015f bulunmaktay\u0131z. Hayat\u0131n\u0131 kaybeden vatanda\u015flar\u0131m\u0131za Cen\u00e2b-\u0131 Allah\u2019tan rahmet, ailelerine ba\u015fsa\u011fl\u0131\u011f\u0131 ve yaral\u0131lara acil \u015fifalar dileriz.<\/p>\n","protected":false},"excerpt":{"rendered":"<p>Merkez \u00fcss\u00fc Kahramanmara\u015f\u2019\u0131n Pazarc\u0131k \u0130l\u00e7esi olan ve \u00e7evre illerde de hissedilen depremde can kay\u0131plar\u0131n\u0131n ve yaral\u0131lar\u0131n oldu\u011funu derin bir \u00fcz\u00fcnt\u00fc ile \u00f6\u011frenmi\u015f bulunmaktay\u0131z. Hayat\u0131n\u0131 kaybeden vatanda\u015flar\u0131m\u0131za Cen\u00e2b-\u0131 Allah\u2019tan rahmet, ailelerine ba\u015fsa\u011fl\u0131\u011f\u0131 ve yaral\u0131lara acil \u015fifalar dileriz.<\/p>\n","protected":false},"author":2,"featured_media":9125,"comment_status":"closed","ping_status":"closed","sticky":false,"template":"","format":"standard","meta":{"footnotes":""},"categories":[103],"tags":[],"class_list":["post-9129","post","type-post","status-publish","format-standard","has-post-thumbnail","hentry","category-taziye-mesaji"],"_links":{"self":[{"href":"https:\/\/www.kudem.com\/tr\/wp-json\/wp\/v2\/posts\/9129","targetHints":{"allow":["GET"]}}],"collection":[{"href":"https:\/\/www.kudem.com\/tr\/wp-json\/wp\/v2\/posts"}],"about":[{"href":"https:\/\/www.kudem.com\/tr\/wp-json\/wp\/v2\/types\/post"}],"author":[{"embeddable":true,"href":"https:\/\/www.kudem.com\/tr\/wp-json\/wp\/v2\/users\/2"}],"replies":[{"embeddable":true,"href":"https:\/\/www.kudem.com\/tr\/wp-json\/wp\/v2\/comments?post=9129"}],"version-history":[{"count":0,"href":"https:\/\/www.kudem.com\/tr\/wp-json\/wp\/v2\/posts\/9129\/revisions"}],"wp:featuredmedia":[{"embeddable":true,"href":"https:\/\/www.kudem.com\/tr\/wp-json\/wp\/v2\/media\/9125"}],"wp:attachment":[{"href":"https:\/\/www.kudem.com\/tr\/wp-json\/wp\/v2\/media?parent=9129"}],"wp:term":[{"taxonomy":"category","embeddable":true,"href":"https:\/\/www.kudem.com\/tr\/wp-json\/wp\/v2\/categories?post=9129"},{"taxonomy":"post_tag","embeddable":true,"href":"https:\/\/www.kudem.com\/tr\/wp-json\/wp\/v2\/tags?post=9129"}],"curies":[{"name":"wp","href":"https:\/\/api.w.org\/{rel}","templated":true}]}}